{"id":34577,"date":"2025-06-12T14:55:56","date_gmt":"2025-06-12T11:55:56","guid":{"rendered":"https:\/\/www.egemtv.com\/?p=34577"},"modified":"2025-06-12T14:56:05","modified_gmt":"2025-06-12T11:56:05","slug":"sokede-seyir-halindeki-arac-alevlere-teslim-oldu","status":"publish","type":"post","link":"https:\/\/www.egemtv.com\/?p=34577","title":{"rendered":"S\u00f6ke\u2019de seyir halindeki ara\u00e7 alevlere teslim oldu"},"content":{"rendered":"<p>Ayd\u0131n\u2019\u0131n S\u00f6ke il\u00e7esinde seyir halindeki bir ara\u00e7ta \u00e7\u0131kan yang\u0131n itfaiye ekipleri taraf\u0131ndan s\u00f6nd\u00fcr\u00fcl\u00fcrken, ara\u00e7 kullan\u0131lmaz hale geldi.<\/p>\n<p>Yang\u0131n Argavl\u0131 Mahallesi\u2019nde meydana geldi. Edinilen bilgilere g\u00f6re, hen\u00fcz belirlenemeyen bir nedenle aniden alev alan ara\u00e7 k\u0131sa s\u00fcrede tamamen alevlere teslim oldu. \u0130hbar \u00fczerine b\u00f6lgeye Ayd\u0131n B\u00fcy\u00fck\u015fehir Belediyesi \u0130tfaiye Daire Ba\u015fkanl\u0131\u011f\u0131 ekipleri sevk edildi. Ekiplerin h\u0131zl\u0131 m\u00fcdahalesiyle yang\u0131n kontrol alt\u0131na al\u0131n\u0131rken, ara\u00e7 kullan\u0131lmaz hale geldi.<\/p>\n<p>Yang\u0131nla ilgili inceleme s\u00fcr\u00fcyor.<br \/><\/p>\n","protected":false},"excerpt":{"rendered":"<p>Ayd\u0131n\u2019\u0131n S\u00f6ke il\u00e7esinde seyir halindeki bir ara\u00e7ta \u00e7\u0131kan yang\u0131n itfaiye ekipleri taraf\u0131ndan s\u00f6nd\u00fcr\u00fcl\u00fcrken, ara\u00e7 kullan\u0131lmaz hale geldi. Yang\u0131n Argavl\u0131 Mahallesi\u2019nde meydana geldi. Edinilen bilgilere g\u00f6re, hen\u00fcz belirlenemeyen bir nedenle aniden alev alan ara\u00e7 k\u0131sa s\u00fcrede tamamen alevlere teslim oldu. \u0130hbar \u00fczerine b\u00f6lgeye Ayd\u0131n B\u00fcy\u00fck\u015fehir Belediyesi \u0130tfaiye Daire Ba\u015fkanl\u0131\u011f\u0131 ekipleri sevk edildi. Ekiplerin h\u0131zl\u0131 m\u00fcdahalesiyle yang\u0131n&#8230;<\/p>\n","protected":false},"author":1,"featured_media":34578,"comment_status":"open","ping_status":"open","sticky":false,"template":"","format":"standard","meta":{"_crdt_document":"","footnotes":""},"categories":[5],"tags":[],"class_list":["post-34577","post","type-post","status-publish","format-standard","has-post-thumbnail","hentry","category-asayis"],"_links":{"self":[{"href":"https:\/\/www.egemtv.com\/index.php?rest_route=\/wp\/v2\/posts\/34577","targetHints":{"allow":["GET"]}}],"collection":[{"href":"https:\/\/www.egemtv.com\/index.php?rest_route=\/wp\/v2\/posts"}],"about":[{"href":"https:\/\/www.egemtv.com\/index.php?rest_route=\/wp\/v2\/types\/post"}],"author":[{"embeddable":true,"href":"https:\/\/www.egemtv.com\/index.php?rest_route=\/wp\/v2\/users\/1"}],"replies":[{"embeddable":true,"href":"https:\/\/www.egemtv.com\/index.php?rest_route=%2Fwp%2Fv2%2Fcomments&post=34577"}],"version-history":[{"count":1,"href":"https:\/\/www.egemtv.com\/index.php?rest_route=\/wp\/v2\/posts\/34577\/revisions"}],"predecessor-version":[{"id":34579,"href":"https:\/\/www.egemtv.com\/index.php?rest_route=\/wp\/v2\/posts\/34577\/revisions\/34579"}],"wp:featuredmedia":[{"embeddable":true,"href":"https:\/\/www.egemtv.com\/index.php?rest_route=\/wp\/v2\/media\/34578"}],"wp:attachment":[{"href":"https:\/\/www.egemtv.com\/index.php?rest_route=%2Fwp%2Fv2%2Fmedia&parent=34577"}],"wp:term":[{"taxonomy":"category","embeddable":true,"href":"https:\/\/www.egemtv.com\/index.php?rest_route=%2Fwp%2Fv2%2Fcategories&post=34577"},{"taxonomy":"post_tag","embeddable":true,"href":"https:\/\/www.egemtv.com\/index.php?rest_route=%2Fwp%2Fv2%2Ftags&post=34577"}],"curies":[{"name":"wp","href":"https:\/\/api.w.org\/{rel}","templated":true}]}}