{"id":34574,"date":"2025-06-12T14:55:51","date_gmt":"2025-06-12T11:55:51","guid":{"rendered":"https:\/\/www.egemtv.com\/?p=34574"},"modified":"2025-06-12T14:55:56","modified_gmt":"2025-06-12T11:55:56","slug":"anne-ve-babadan-en-aci-veda","status":"publish","type":"post","link":"https:\/\/www.egemtv.com\/?p=34574","title":{"rendered":"Anne ve babadan en ac\u0131 veda"},"content":{"rendered":"<p>Mu\u011fla\u2019n\u0131n Seydikemer il\u00e7esinde Sakl\u0131kent Kanyonu\u2019nda ba\u015f\u0131na ta\u015f d\u00fc\u015fmesi sonucu a\u011f\u0131r yaralanan ve iki g\u00fcn s\u00fcren hayat m\u00fccadelesini kaybeden 3 ya\u015f\u0131ndaki Yama\u00e7 \u00c7etin, son yolculu\u011funa u\u011furland\u0131. Cenazede anne ve baban\u0131n o\u011fullar\u0131n\u0131n tabutuna dokunarak son vedas\u0131 y\u00fcrekleri da\u011flad\u0131.<br \/>\n<br \/>Edinilen bilgiye g\u00f6re, ge\u00e7ti\u011fimiz 9 Haziran g\u00fcn\u00fc \u00f6\u011fle saatlerinde Kayadibi Mahallesi\u2019nde bulunan Sakl\u0131kent Kanyonu\u2019nda ailesiyle birlikte kanyonda gezen Yama\u00e7 \u00c7etin\u2019in ba\u015f\u0131na, yerinden kopan ta\u015f isabet etti. Ailesi taraf\u0131ndan kanyondan \u00e7\u0131kar\u0131lan k\u00fc\u00e7\u00fck \u00e7ocuk, ambulansla Seydikemer Devlet Hastanesi\u2019ne kald\u0131r\u0131ld\u0131. Yama\u00e7, buradaki ilk m\u00fcdahalesinin ard\u0131ndan \u00f6nce Fethiye\u2019de \u00f6zel bir hastaneye, ard\u0131ndan da Mu\u011fla E\u011fitim ve Ara\u015ft\u0131rma Hastanesi\u2019ne sevk edildi. Yo\u011fun bak\u0131m \u00fcnitesinde tedaviye al\u0131nan talihsiz \u00e7ocuk, doktorlar\u0131n t\u00fcm m\u00fcdahalesine ra\u011fmen d\u00fcn \u00f6\u011fle saatlerinde hayat\u0131n\u0131 kaybetti.<\/p>\n<p>Son yolculu\u011funa u\u011furland\u0131<br \/>\n<br \/>Yama\u00e7 i\u00e7in Fethiye Merkez Ertu\u011frul Gazi Camii\u2019nde \u00f6\u011fle namaz\u0131n\u0131 m\u00fcteakip \u00e7ok say\u0131da vatanda\u015f\u0131n kat\u0131ld\u0131\u011f\u0131 cenaze namaz\u0131 k\u0131l\u0131nd\u0131. Ac\u0131l\u0131 anne Duygu \u00c7etin ve baba \u0130smail \u00c7etin ayakta durmakta g\u00fc\u00e7l\u00fck \u00e7ekerken uzun s\u00fcre tabutun ba\u015f\u0131nda bekledi. Cenaze namaz\u0131n\u0131n ard\u0131ndan minik Yama\u00e7, dualar e\u015fli\u011finde Patlang\u0131\u00e7 Mezarl\u0131\u011f\u0131\u2019nda topra\u011fa verildi.<br \/><\/p>\n","protected":false},"excerpt":{"rendered":"<p>Mu\u011fla\u2019n\u0131n Seydikemer il\u00e7esinde Sakl\u0131kent Kanyonu\u2019nda ba\u015f\u0131na ta\u015f d\u00fc\u015fmesi sonucu a\u011f\u0131r yaralanan ve iki g\u00fcn s\u00fcren hayat m\u00fccadelesini kaybeden 3 ya\u015f\u0131ndaki Yama\u00e7 \u00c7etin, son yolculu\u011funa u\u011furland\u0131. Cenazede anne ve baban\u0131n o\u011fullar\u0131n\u0131n tabutuna dokunarak son vedas\u0131 y\u00fcrekleri da\u011flad\u0131. Edinilen bilgiye g\u00f6re, ge\u00e7ti\u011fimiz 9 Haziran g\u00fcn\u00fc \u00f6\u011fle saatlerinde Kayadibi Mahallesi\u2019nde bulunan Sakl\u0131kent Kanyonu\u2019nda ailesiyle birlikte kanyonda gezen Yama\u00e7&#8230;<\/p>\n","protected":false},"author":1,"featured_media":34575,"comment_status":"open","ping_status":"open","sticky":false,"template":"","format":"standard","meta":{"_crdt_document":"","footnotes":""},"categories":[1],"tags":[],"class_list":["post-34574","post","type-post","status-publish","format-standard","has-post-thumbnail","hentry","category-guncel"],"_links":{"self":[{"href":"https:\/\/www.egemtv.com\/index.php?rest_route=\/wp\/v2\/posts\/34574","targetHints":{"allow":["GET"]}}],"collection":[{"href":"https:\/\/www.egemtv.com\/index.php?rest_route=\/wp\/v2\/posts"}],"about":[{"href":"https:\/\/www.egemtv.com\/index.php?rest_route=\/wp\/v2\/types\/post"}],"author":[{"embeddable":true,"href":"https:\/\/www.egemtv.com\/index.php?rest_route=\/wp\/v2\/users\/1"}],"replies":[{"embeddable":true,"href":"https:\/\/www.egemtv.com\/index.php?rest_route=%2Fwp%2Fv2%2Fcomments&post=34574"}],"version-history":[{"count":1,"href":"https:\/\/www.egemtv.com\/index.php?rest_route=\/wp\/v2\/posts\/34574\/revisions"}],"predecessor-version":[{"id":34576,"href":"https:\/\/www.egemtv.com\/index.php?rest_route=\/wp\/v2\/posts\/34574\/revisions\/34576"}],"wp:featuredmedia":[{"embeddable":true,"href":"https:\/\/www.egemtv.com\/index.php?rest_route=\/wp\/v2\/media\/34575"}],"wp:attachment":[{"href":"https:\/\/www.egemtv.com\/index.php?rest_route=%2Fwp%2Fv2%2Fmedia&parent=34574"}],"wp:term":[{"taxonomy":"category","embeddable":true,"href":"https:\/\/www.egemtv.com\/index.php?rest_route=%2Fwp%2Fv2%2Fcategories&post=34574"},{"taxonomy":"post_tag","embeddable":true,"href":"https:\/\/www.egemtv.com\/index.php?rest_route=%2Fwp%2Fv2%2Ftags&post=34574"}],"curies":[{"name":"wp","href":"https:\/\/api.w.org\/{rel}","templated":true}]}}