{"id":34571,"date":"2025-06-12T14:55:49","date_gmt":"2025-06-12T11:55:49","guid":{"rendered":"https:\/\/www.egemtv.com\/?p=34571"},"modified":"2025-06-12T14:55:51","modified_gmt":"2025-06-12T11:55:51","slug":"jandarmadan-sigara-kacakcilarina-darbe","status":"publish","type":"post","link":"https:\/\/www.egemtv.com\/?p=34571","title":{"rendered":"Jandarmadan sigara ka\u00e7ak\u00e7\u0131lar\u0131na darbe"},"content":{"rendered":"<p>Ayd\u0131n\u2019\u0131n Efeler il\u00e7esinde jandarma ekiplerince yap\u0131lan operasyonda bir milyon 100 bin adet t\u00fct\u00fcn dolu makaron ele ge\u00e7irildi.<\/p>\n<p>Ayd\u0131n \u0130l Jandarma Komutanl\u0131\u011f\u0131 KOM \u015eube M\u00fcd\u00fcrl\u00fc\u011f\u00fc ve Efeler \u0130l\u00e7e Jandarma Komutanl\u0131\u011f\u0131 taraf\u0131ndan sigara ka\u00e7ak\u00e7\u0131l\u0131\u011f\u0131na y\u00f6nelik koordineli \u00e7al\u0131\u015fma ger\u00e7ekle\u015ftirildi. Edinilen bilgiye g\u00f6re ekipler, M.\u00c7. isimli \u015fahs\u0131n, Efeler il\u00e7esinde sigara sar\u0131m\u0131 yaparak piyasaya s\u00fcrd\u00fc\u011f\u00fcn\u00fc tespit etti. Operasyon i\u00e7in harekete ge\u00e7en ekipler, \u015f\u00fcphelinin adresine bask\u0131n d\u00fczenledi. \u015e\u00fcphelinin ikametinde yap\u0131lan aramada, 1 milyon 100 bin adet i\u00e7i t\u00fct\u00fcn doldurulmu\u015f makaron, 970 bin adet sahte bandroll\u00fc\/bandrols\u00fcz bo\u015f makaron, 380 kilo k\u0131y\u0131lm\u0131\u015f a\u00e7\u0131k t\u00fct\u00fcn, 20 bin adet bo\u015f sigara paketi, 1 adet elektrikli sigara sarma makinas\u0131 kompres\u00f6r\u00fc, 5 adet sigara sar\u0131m makinas\u0131 par\u00e7as\u0131 ele ge\u00e7irildi. Yakalanarak g\u00f6zalt\u0131na al\u0131nan M.\u00c7. hakk\u0131nda ba\u015flat\u0131lan adli ve idari s\u00fcre\u00e7 devam ediyor.<br \/><\/p>\n","protected":false},"excerpt":{"rendered":"<p>Ayd\u0131n\u2019\u0131n Efeler il\u00e7esinde jandarma ekiplerince yap\u0131lan operasyonda bir milyon 100 bin adet t\u00fct\u00fcn dolu makaron ele ge\u00e7irildi. Ayd\u0131n \u0130l Jandarma Komutanl\u0131\u011f\u0131 KOM \u015eube M\u00fcd\u00fcrl\u00fc\u011f\u00fc ve Efeler \u0130l\u00e7e Jandarma Komutanl\u0131\u011f\u0131 taraf\u0131ndan sigara ka\u00e7ak\u00e7\u0131l\u0131\u011f\u0131na y\u00f6nelik koordineli \u00e7al\u0131\u015fma ger\u00e7ekle\u015ftirildi. Edinilen bilgiye g\u00f6re ekipler, M.\u00c7. isimli \u015fahs\u0131n, Efeler il\u00e7esinde sigara sar\u0131m\u0131 yaparak piyasaya s\u00fcrd\u00fc\u011f\u00fcn\u00fc tespit etti. Operasyon i\u00e7in harekete&#8230;<\/p>\n","protected":false},"author":1,"featured_media":34572,"comment_status":"open","ping_status":"open","sticky":false,"template":"","format":"standard","meta":{"_crdt_document":"","footnotes":""},"categories":[5],"tags":[],"class_list":["post-34571","post","type-post","status-publish","format-standard","has-post-thumbnail","hentry","category-asayis"],"_links":{"self":[{"href":"https:\/\/www.egemtv.com\/index.php?rest_route=\/wp\/v2\/posts\/34571","targetHints":{"allow":["GET"]}}],"collection":[{"href":"https:\/\/www.egemtv.com\/index.php?rest_route=\/wp\/v2\/posts"}],"about":[{"href":"https:\/\/www.egemtv.com\/index.php?rest_route=\/wp\/v2\/types\/post"}],"author":[{"embeddable":true,"href":"https:\/\/www.egemtv.com\/index.php?rest_route=\/wp\/v2\/users\/1"}],"replies":[{"embeddable":true,"href":"https:\/\/www.egemtv.com\/index.php?rest_route=%2Fwp%2Fv2%2Fcomments&post=34571"}],"version-history":[{"count":1,"href":"https:\/\/www.egemtv.com\/index.php?rest_route=\/wp\/v2\/posts\/34571\/revisions"}],"predecessor-version":[{"id":34573,"href":"https:\/\/www.egemtv.com\/index.php?rest_route=\/wp\/v2\/posts\/34571\/revisions\/34573"}],"wp:featuredmedia":[{"embeddable":true,"href":"https:\/\/www.egemtv.com\/index.php?rest_route=\/wp\/v2\/media\/34572"}],"wp:attachment":[{"href":"https:\/\/www.egemtv.com\/index.php?rest_route=%2Fwp%2Fv2%2Fmedia&parent=34571"}],"wp:term":[{"taxonomy":"category","embeddable":true,"href":"https:\/\/www.egemtv.com\/index.php?rest_route=%2Fwp%2Fv2%2Fcategories&post=34571"},{"taxonomy":"post_tag","embeddable":true,"href":"https:\/\/www.egemtv.com\/index.php?rest_route=%2Fwp%2Fv2%2Ftags&post=34571"}],"curies":[{"name":"wp","href":"https:\/\/api.w.org\/{rel}","templated":true}]}}