{"id":34568,"date":"2025-06-12T14:38:25","date_gmt":"2025-06-12T11:38:25","guid":{"rendered":"https:\/\/www.egemtv.com\/?p=34568"},"modified":"2025-06-12T14:38:35","modified_gmt":"2025-06-12T11:38:35","slug":"azkada-cerem-ruzgari-guclu-sesi-ve-sikligiyla-buyuledi","status":"publish","type":"post","link":"https:\/\/www.egemtv.com\/?p=34568","title":{"rendered":"Azka\u2019da Cerem R\u00fczgar\u0131: G\u00fc\u00e7l\u00fc sesi ve \u015f\u0131kl\u0131\u011f\u0131yla b\u00fcy\u00fcledi"},"content":{"rendered":"<p>T\u00fcrk m\u00fczi\u011finin sevilen gen\u00e7 seslerinden Cerem Onurluer, Kurban Bayram\u0131\u2019n\u0131n son g\u00fcn\u00fcnde Bodrum\u2019un g\u00f6zde mekanlar\u0131ndan Azka Otelde sahne ald\u0131. G\u00fc\u00e7l\u00fc sesiyle misafirlerine unutulmaz bir gece ya\u015fatan Onurluer, \u015f\u0131kl\u0131\u011f\u0131yla da b\u00fcy\u00fck be\u011feni toplad\u0131.<br \/>\n<br \/>Geceye \u00f6zel tercih etti\u011fi iddial\u0131 sahne k\u0131yafetiyle t\u00fcm bak\u0131\u015flar\u0131 \u00fczerinde toplayan ba\u015far\u0131l\u0131 sanat\u00e7\u0131, repertuvar\u0131ndaki se\u00e7kin eserlerle m\u00fczikseverlere bayram\u0131n en g\u00fczel kapan\u0131\u015f\u0131n\u0131 ya\u015fatt\u0131. Yo\u011fun ilgi g\u00f6ren konser boyunca izleyiciler, Cerem Onurluer\u2019in enerjisi ve yorum g\u00fcc\u00fcne alk\u0131\u015flarla e\u015flik etti.<br \/>\n<br \/>Cerem Onurluer\u2019in performans\u0131, Bodrum gecelerine damga vururken, sanat\u00e7\u0131n\u0131n zarafeti ve sahne hakimiyeti bir kez daha takdir toplad\u0131.<br \/><\/p>\n","protected":false},"excerpt":{"rendered":"<p>T\u00fcrk m\u00fczi\u011finin sevilen gen\u00e7 seslerinden Cerem Onurluer, Kurban Bayram\u0131\u2019n\u0131n son g\u00fcn\u00fcnde Bodrum\u2019un g\u00f6zde mekanlar\u0131ndan Azka Otelde sahne ald\u0131. G\u00fc\u00e7l\u00fc sesiyle misafirlerine unutulmaz bir gece ya\u015fatan Onurluer, \u015f\u0131kl\u0131\u011f\u0131yla da b\u00fcy\u00fck be\u011feni toplad\u0131. Geceye \u00f6zel tercih etti\u011fi iddial\u0131 sahne k\u0131yafetiyle t\u00fcm bak\u0131\u015flar\u0131 \u00fczerinde toplayan ba\u015far\u0131l\u0131 sanat\u00e7\u0131, repertuvar\u0131ndaki se\u00e7kin eserlerle m\u00fczikseverlere bayram\u0131n en g\u00fczel kapan\u0131\u015f\u0131n\u0131 ya\u015fatt\u0131. Yo\u011fun ilgi&#8230;<\/p>\n","protected":false},"author":1,"featured_media":34569,"comment_status":"open","ping_status":"open","sticky":false,"template":"","format":"standard","meta":{"_crdt_document":"","footnotes":""},"categories":[1],"tags":[],"class_list":["post-34568","post","type-post","status-publish","format-standard","has-post-thumbnail","hentry","category-guncel"],"_links":{"self":[{"href":"https:\/\/www.egemtv.com\/index.php?rest_route=\/wp\/v2\/posts\/34568","targetHints":{"allow":["GET"]}}],"collection":[{"href":"https:\/\/www.egemtv.com\/index.php?rest_route=\/wp\/v2\/posts"}],"about":[{"href":"https:\/\/www.egemtv.com\/index.php?rest_route=\/wp\/v2\/types\/post"}],"author":[{"embeddable":true,"href":"https:\/\/www.egemtv.com\/index.php?rest_route=\/wp\/v2\/users\/1"}],"replies":[{"embeddable":true,"href":"https:\/\/www.egemtv.com\/index.php?rest_route=%2Fwp%2Fv2%2Fcomments&post=34568"}],"version-history":[{"count":1,"href":"https:\/\/www.egemtv.com\/index.php?rest_route=\/wp\/v2\/posts\/34568\/revisions"}],"predecessor-version":[{"id":34570,"href":"https:\/\/www.egemtv.com\/index.php?rest_route=\/wp\/v2\/posts\/34568\/revisions\/34570"}],"wp:featuredmedia":[{"embeddable":true,"href":"https:\/\/www.egemtv.com\/index.php?rest_route=\/wp\/v2\/media\/34569"}],"wp:attachment":[{"href":"https:\/\/www.egemtv.com\/index.php?rest_route=%2Fwp%2Fv2%2Fmedia&parent=34568"}],"wp:term":[{"taxonomy":"category","embeddable":true,"href":"https:\/\/www.egemtv.com\/index.php?rest_route=%2Fwp%2Fv2%2Fcategories&post=34568"},{"taxonomy":"post_tag","embeddable":true,"href":"https:\/\/www.egemtv.com\/index.php?rest_route=%2Fwp%2Fv2%2Ftags&post=34568"}],"curies":[{"name":"wp","href":"https:\/\/api.w.org\/{rel}","templated":true}]}}