{"id":34565,"date":"2025-06-12T14:17:35","date_gmt":"2025-06-12T11:17:35","guid":{"rendered":"https:\/\/www.egemtv.com\/?p=34565"},"modified":"2025-06-12T14:17:41","modified_gmt":"2025-06-12T11:17:41","slug":"muglada-engelsiz-plaj-sayisi-23e-cikiyor","status":"publish","type":"post","link":"https:\/\/www.egemtv.com\/?p=34565","title":{"rendered":"Mu\u011fla\u2019da engelsiz plaj say\u0131s\u0131 23\u2019e \u00e7\u0131k\u0131yor"},"content":{"rendered":"<p>Mu\u011fla B\u00fcy\u00fck\u015fehir Belediyesi hayata ge\u00e7irdi\u011fi Engelsiz Plajlar projesi kapsam\u0131nda 13 plajda engelli vatanda\u015flar\u0131n g\u00fcvenle denize girebilmeleri amac\u0131yla plajlara y\u00fcr\u00fcy\u00fc\u015f platformu, \u00f6zel soyunma kabinleri ekleyerek eri\u015fime uygun hale getirdi. 10 engelsiz plajda ise kurulum \u00e7al\u0131\u015fmalar\u0131 devam ediyor.<br \/>\n<br \/>Mu\u011fla B\u00fcy\u00fck\u015fehir Belediyesi, engelli bireylerin sosyal ya\u015fama daha aktif kat\u0131l\u0131m\u0131n\u0131 sa\u011flamak amac\u0131yla hayata ge\u00e7irdi\u011fi &#8220;Engelsiz Plajlar&#8221; projesi kapsam\u0131nda \u00f6nemli bir ad\u0131m daha att\u0131. Proje kapsam\u0131nda \u015fu ana kadar 13 plajda eri\u015filebilirlik d\u00fczenlemeleri tamamlanarak engelli vatanda\u015flar\u0131n g\u00fcvenle denize girebilece\u011fi alanlar olu\u015fturuldu.<br \/>\n<br \/>B\u00fcy\u00fck\u015fehir engelleri ortadan kald\u0131r\u0131yor<br \/>\n<br \/>Plajlara y\u00fcr\u00fcy\u00fc\u015f platformlar\u0131, \u00f6zel soyunma kabinleri ve engelli kullan\u0131m\u0131na uygun donan\u0131mlar eklenerek eri\u015fim engelleri ortadan kald\u0131r\u0131ld\u0131. Ayr\u0131ca y\u00fczer \u015fezlonglar sayesinde engelli bireyler, refakat\u00e7ileri e\u015fli\u011finde denizin keyfini \u00e7\u0131karabiliyor. Bug\u00fcne kadar 8 il\u00e7ede 23 engelsiz plaj kurulumu ger\u00e7ekle\u015ftiren B\u00fcy\u00fck\u015fehir Belediyesi, engelsiz ya\u015fam\u0131 destekleyen projelerine devam ederek kentin d\u00f6rt bir yan\u0131nda eri\u015filebilir turizm altyap\u0131s\u0131n\u0131 g\u00fc\u00e7lendirmeyi hedefliyor.<br \/>\n<br \/>13 plajda \u00e7al\u0131\u015fmalar tamamland\u0131, 10 plajda \u00e7al\u0131\u015fmalar s\u00fcr\u00fcyor<br \/>\n<br \/>Bu kapsamda Fethiye\u2019de Aksazlar Plaj\u0131, \u0130nlice Halk Plaj\u0131 ve B\u00fcy\u00fck Samanl\u0131k Plaj\u0131; Dalaman\u2019da Sarsala ve Kille Halk Plajlar\u0131; K\u00f6yce\u011fiz\u2019de Ekincik Halk Plaj\u0131; Dat\u00e7a\u2019da Karaincir, Hastanealt\u0131 ve Ta\u015fl\u0131k Halk plajlar\u0131; Ula\u2019da Akyaka Halk Plaj\u0131 ile Milas\u2019ta \u00d6ren, G\u00fcll\u00fck ve Bo\u011fazi\u00e7i plajlar\u0131nda kurulum \u00e7al\u0131\u015fmalar\u0131 tamamlanarak engelli eri\u015fimine uygun hale getirildi.<br \/>\n<br \/>Ayr\u0131ca, Fethiye\u2019de \u00c7al\u0131\u015f Halk Plaj\u0131, Dat\u00e7a\u2019da Palamutb\u00fck\u00fc Halk Plaj\u0131, Milas\u2019ta G\u00fcll\u00fck ve Bozb\u00fck \u0130ncekum Halk plajlar\u0131 ile Bodrum\u2019da Kumbah\u00e7e, Turgutreis, Bitez, Ortakent, T\u00fcrkb\u00fck\u00fc ve G\u00fcmbet Halk plajlar\u0131nda kurulum \u00e7al\u0131\u015fmalar\u0131 devam ediyor.<br \/>\n<br \/>Engelsiz Plajlar Projesi 2022 y\u0131l\u0131nda uluslararas\u0131 \u00f6d\u00fcl ald\u0131<br \/>\n<br \/>D\u00fcnyan\u0131n en iyi be\u015f tasar\u0131m yar\u0131\u015fmas\u0131 aras\u0131nda g\u00f6sterilen ve Seul Tasar\u0131m Vakf\u0131 (Seoul Design Foundation) taraf\u0131ndan 2022 y\u0131l\u0131nda \u00fc\u00e7\u00fcnc\u00fcs\u00fc d\u00fczenlenen &#8220;\u0130nsan Kent Tasar\u0131m&#8221; \u00f6d\u00fcllerinde Mu\u011fla B\u00fcy\u00fck\u015fehir Belediyesi\u2019nin Engelsiz Sahiller Projesi \u015feref \u00f6d\u00fcl\u00fc kazand\u0131. Proje, 22 \u00fclkeden 100\u2019\u00fcn \u00fczerindeki uluslararas\u0131 ba\u015fvuru aras\u0131ndan onur \u00f6d\u00fcl\u00fc ald\u0131.<br \/>\n<br \/>K\u0131y\u0131 Ege Belediyeler Birli\u011fi ve Mu\u011fla B\u00fcy\u00fck\u015fehir Belediye Ba\u015fkan\u0131 Ahmet Aras, &#8220;B\u00fcy\u00fck\u015fehir Belediyesi olarak Mu\u011fla\u2019m\u0131zda engelli bireylerin ya\u015fam kalitesini art\u0131rmak, sosyal hayata daha aktif kat\u0131lmalar\u0131n\u0131 sa\u011flamak i\u00e7in \u00e7al\u0131\u015fmalar\u0131m\u0131za devam ediyoruz. Kentimizin d\u00f6rt bir yan\u0131ndaki plajlar\u0131m\u0131z\u0131 engelli vatanda\u015flar\u0131m\u0131z\u0131n g\u00fcvenle ve rahat\u00e7a denize girebilece\u011fi eri\u015filebilir alanlara d\u00f6n\u00fc\u015ft\u00fcrd\u00fc\u011f\u00fcm\u00fcz Engelsiz Plajlar projesi kapsam\u0131nda, plajlarda eri\u015filebilirlik d\u00fczenlemeleri yapt\u0131k. \u2018Engelsiz bir Mu\u011fla\u2019 i\u00e7in \u00e7al\u0131\u015fmalar\u0131m\u0131z\u0131 kararl\u0131l\u0131kla s\u00fcrd\u00fcrecek, Mu\u011fla\u2019m\u0131z\u0131 daha eri\u015filebilir ve ya\u015fanabilir bir \u015fehir haline getirmeye devam edece\u011fiz&#8221; dedi.<br \/><\/p>\n","protected":false},"excerpt":{"rendered":"<p>Mu\u011fla B\u00fcy\u00fck\u015fehir Belediyesi hayata ge\u00e7irdi\u011fi Engelsiz Plajlar projesi kapsam\u0131nda 13 plajda engelli vatanda\u015flar\u0131n g\u00fcvenle denize girebilmeleri amac\u0131yla plajlara y\u00fcr\u00fcy\u00fc\u015f platformu, \u00f6zel soyunma kabinleri ekleyerek eri\u015fime uygun hale getirdi. 10 engelsiz plajda ise kurulum \u00e7al\u0131\u015fmalar\u0131 devam ediyor. Mu\u011fla B\u00fcy\u00fck\u015fehir Belediyesi, engelli bireylerin sosyal ya\u015fama daha aktif kat\u0131l\u0131m\u0131n\u0131 sa\u011flamak amac\u0131yla hayata ge\u00e7irdi\u011fi &#8220;Engelsiz Plajlar&#8221; projesi kapsam\u0131nda \u00f6nemli&#8230;<\/p>\n","protected":false},"author":1,"featured_media":34566,"comment_status":"open","ping_status":"open","sticky":false,"template":"","format":"standard","meta":{"_crdt_document":"","footnotes":""},"categories":[123],"tags":[],"class_list":["post-34565","post","type-post","status-publish","format-standard","has-post-thumbnail","hentry","category-gundem"],"_links":{"self":[{"href":"https:\/\/www.egemtv.com\/index.php?rest_route=\/wp\/v2\/posts\/34565","targetHints":{"allow":["GET"]}}],"collection":[{"href":"https:\/\/www.egemtv.com\/index.php?rest_route=\/wp\/v2\/posts"}],"about":[{"href":"https:\/\/www.egemtv.com\/index.php?rest_route=\/wp\/v2\/types\/post"}],"author":[{"embeddable":true,"href":"https:\/\/www.egemtv.com\/index.php?rest_route=\/wp\/v2\/users\/1"}],"replies":[{"embeddable":true,"href":"https:\/\/www.egemtv.com\/index.php?rest_route=%2Fwp%2Fv2%2Fcomments&post=34565"}],"version-history":[{"count":1,"href":"https:\/\/www.egemtv.com\/index.php?rest_route=\/wp\/v2\/posts\/34565\/revisions"}],"predecessor-version":[{"id":34567,"href":"https:\/\/www.egemtv.com\/index.php?rest_route=\/wp\/v2\/posts\/34565\/revisions\/34567"}],"wp:featuredmedia":[{"embeddable":true,"href":"https:\/\/www.egemtv.com\/index.php?rest_route=\/wp\/v2\/media\/34566"}],"wp:attachment":[{"href":"https:\/\/www.egemtv.com\/index.php?rest_route=%2Fwp%2Fv2%2Fmedia&parent=34565"}],"wp:term":[{"taxonomy":"category","embeddable":true,"href":"https:\/\/www.egemtv.com\/index.php?rest_route=%2Fwp%2Fv2%2Fcategories&post=34565"},{"taxonomy":"post_tag","embeddable":true,"href":"https:\/\/www.egemtv.com\/index.php?rest_route=%2Fwp%2Fv2%2Ftags&post=34565"}],"curies":[{"name":"wp","href":"https:\/\/api.w.org\/{rel}","templated":true}]}}