{"id":34562,"date":"2025-06-12T14:17:29","date_gmt":"2025-06-12T11:17:29","guid":{"rendered":"https:\/\/www.egemtv.com\/?p=34562"},"modified":"2025-06-12T14:17:35","modified_gmt":"2025-06-12T11:17:35","slug":"niluferlerin-gorsel-soleni-yerli-ve-yabanci-turistlerin-ilgi-odagi-oldu","status":"publish","type":"post","link":"https:\/\/www.egemtv.com\/?p=34562","title":{"rendered":"Nil\u00fcferlerin g\u00f6rsel \u015f\u00f6leni yerli ve yabanc\u0131 turistlerin ilgi oda\u011f\u0131 oldu"},"content":{"rendered":"<p>Denizli\u2019nin \u00c7ivril il\u00e7esindeki I\u015f\u0131kl\u0131 G\u00f6l\u00fc, nil\u00fcfer \u00e7i\u00e7ekleriyle bezeli su y\u00fczeyi ve zengin ku\u015f \u00e7e\u015fitlili\u011fiyle do\u011fa tutkunlar\u0131n\u0131n ilgisini \u00e7ekerken, ekoturizmin g\u00f6zde noktalar\u0131ndan biri haline geliyor. G\u00f6l, ilkbahar ve yaz aylar\u0131nda d\u00fczenlenen kay\u0131k turlar\u0131yla ziyaret\u00e7ilere huzurlu anlar sunarken, e\u015fsiz g\u00fczelli\u011fi dronla havadan g\u00f6r\u00fcnt\u00fclendi.<\/p>\n<p>Denizli\u2019nin \u00c7ivril il\u00e7esinde yer alan I\u015f\u0131kl\u0131 G\u00f6l\u00fc, sahip oldu\u011fu do\u011fal g\u00fczelliklerle hem yerli hem de yabanc\u0131 turistlerin ilgisini \u00e7ekmeye devam ediyor. \u00d6zellikle ilkbahar ve yaz aylar\u0131nda a\u00e7an nil\u00fcfer \u00e7i\u00e7ekleriyle adeta bir g\u00f6rsel \u015f\u00f6len sunan g\u00f6l, ku\u015f g\u00f6zlemcili\u011fi ve do\u011fa foto\u011fraf\u00e7\u0131l\u0131\u011f\u0131 i\u00e7in e\u015fsiz bir rota haline geldi. Denizli kent merkezine 120 kilometre uzakl\u0131ktaki \u00c7ivril il\u00e7esi s\u0131n\u0131rlar\u0131 i\u00e7inden bulunan I\u015f\u0131kl\u0131 G\u00f6l yer al\u0131yor.<\/p>\n<p>I\u015f\u0131kl\u0131 G\u00f6l\u00fc, yakla\u015f\u0131k 73 kilometrekarelik alan\u0131 kaplayan geni\u015fli\u011fiyle Ege B\u00f6lgesi\u2019nin \u00f6nemli tatl\u0131 su kaynaklar\u0131ndan biri olarak \u00f6ne \u00e7\u0131k\u0131yor. G\u00f6l, ba\u015fta sulama amac\u0131yla kullan\u0131lsa da son y\u0131llarda ekoturizm a\u00e7\u0131s\u0131ndan da b\u00fcy\u00fck \u00f6nem kazanm\u0131\u015f durumda. G\u00f6l, \u00f6zellikle ilkbahar sonu ve yaz aylar\u0131nda a\u00e7an beyaz ve pembe nil\u00fcfer \u00e7i\u00e7ekleriyle g\u00f6rsel bir \u015f\u00f6lene d\u00f6n\u00fc\u015f\u00fcyor. Su y\u00fczeyini kaplayan nil\u00fcferler, foto\u011fraf tutkunlar\u0131 i\u00e7in benzersiz kareler sunarken, g\u00f6lde d\u00fczenlenen kay\u0131k turlar\u0131 ziyaret\u00e7ilere huzurlu bir do\u011fa deneyimi ya\u015fat\u0131yor. I\u015f\u0131kl\u0131 G\u00f6l\u00fc, sadece bitkileriyle de\u011fil, ku\u015f \u00e7e\u015fitlili\u011fiyle de \u00f6ne \u00e7\u0131k\u0131yor. \u00d6zellikle g\u00f6\u00e7 d\u00f6nemlerinde bir\u00e7ok ku\u015f t\u00fcr\u00fcne ev sahipli\u011fi yapan g\u00f6lde, flamingo, bal\u0131k\u00e7\u0131l ve karabatak gibi ku\u015flar g\u00f6zlemlenebiliyor. G\u00f6l \u00e7evresi, ku\u015f g\u00f6zlemcili\u011fi yapmak isteyen do\u011faseverlerin ilgisini \u00e7ekiyor.<\/p>\n<p>&#8220;I\u015f\u0131kl\u0131 G\u00f6l\u2019de 80 tekne ile vatanda\u015flar\u0131m\u0131z\u0131 hizmet veriyoruz&#8221;<br \/>\n<br \/>Her g\u00fcn \u00c7ivril\u2019e ba\u011fl\u0131 Seraserli Mahallesi\u2019nden \u00e7\u0131karak yerli ve yabanc\u0131 turistlerin nil\u00fcferlerin g\u00f6rsel \u015f\u00f6lenine tan\u0131kl\u0131k etmelerini sa\u011flayan tur teknesi sahibi \u00d6zer \u00c7etinkaya, 24 May\u0131s itibariyle I\u015f\u0131kl\u0131 G\u00f6l\u2019de tekne turlar\u0131n ba\u015flad\u0131\u011f\u0131n\u0131 s\u00f6yledi. B\u00fcy\u00fck ilgi g\u00f6ren turlar hakk\u0131nda bilgileri aktaran \u00d6zer \u00c7etinkaya, &#8220;I\u015f\u0131kl\u0131 G\u00f6l\u2019de turlar 24 May\u0131s itibariyle ba\u015flad\u0131. I\u015f\u0131kl\u0131 G\u00f6l\u2019de hizmet veren 80 tane tekne bulunuyor. Toplamda 3 tane farkl\u0131 b\u00f6lgeden \u00e7\u0131k\u0131\u015f\u0131m\u0131z var. Birisi Seraserli ve uzun tur olarak ge\u00e7er, ku\u015flar\u0131n yo\u011fun oldu\u011fu bir b\u00f6lge ve 12 kilometrelik bir tekne gezisi yeridir. Sundurlu b\u00f6lgesi var oras\u0131 da yakla\u015f\u0131k 6 kilometrelik bir gezi turu. 3. nokta olarak Beydilli k\u00f6y\u00fcm\u00fcz var ve onlar\u0131n k\u0131sa tur olarak ge\u00e7er&#8221; dedi.<\/p>\n<p>&#8220;Su azal\u0131nca turlar da bitecek&#8221;<br \/>\n<br \/>Derinli\u011fin yakla\u015f\u0131k 2 metre oldu\u011funu ve tekne turlar\u0131n\u0131n ne zaman bitece\u011fi hakk\u0131nda bilgiler veren \u00c7etinkaya, &#8220;I\u015f\u0131kl\u0131 G\u00f6l\u2019\u00fcn derinli\u011fi yakla\u015f\u0131k 2 metre. 1986 y\u0131l\u0131nda sulama ama\u00e7l\u0131 yap\u0131lan bir g\u00f6let. Belirli zaman sonra \u00e7evredeki \u00e7ift\u00e7iler talepte bulunup sulara a\u00e7mak isteyecekler. Ard\u0131ndan ise her ge\u00e7en g\u00fcn su seviyesi d\u00fc\u015fecek. Tekeneler giremeyecek duruma geldi\u011finde turlar bitiyor&#8221; diye konu\u015ftu.<\/p>\n<p>G\u00fcn do\u011fumu turlar\u0131na daha \u00e7ok ilgi var<br \/>\n<br \/>I\u015f\u0131kl\u0131 G\u00f6l hakk\u0131nda ve ne zaman gelinece\u011fi konusunda \u00f6nemli bilgiler dile getiren \u00c7etinkaya, &#8220;I\u015f\u0131kl\u0131 G\u00f6l\u2019de bulunan \u00e7i\u00e7ekler sabah\u0131n erken saatlerinde sabah 08.00 gibi a\u00e7\u0131yor. Ak\u015fam 17.00 gibi o a\u00e7an \u00e7i\u00e7ekler yava\u015f yava\u015f kapan\u0131yor. Sabah 07.30\u2019da turlar\u0131m\u0131z\u0131 ba\u015fl\u0131yoruz. Bizim tavsiyemiz saat 08.00 ve 10.00 aras\u0131 gelmektir. \u00c7\u00fcnk\u00fc g\u00fcne\u015fin do\u011fu\u015fuyla \u00e7ok g\u00fczel bir manzara oluyor. Ondan sonraki \u00f6\u011fle saatlerinde g\u00fcne\u015f yukar\u0131ya \u00e7\u0131kt\u0131\u011f\u0131nda \u00e7i\u00e7ekler kaybolur gibi oluyor \u00e7\u00fcnk\u00fc yans\u0131ma kayboluyor. Baz\u0131 vatanda\u015flar ak\u015fam\u00fcst\u00fc serin iken gelelim diyorlar ve \u00e7ok yanl\u0131\u015f bir d\u00fc\u015f\u00fcnce. \u00c7\u00fcnk\u00fc zaten saat 17.00\u2019da \u00e7i\u00e7ekler kapan\u0131yor ve yans\u0131mayla birlikte \u00e7ok s\u0131cak oluyor. Bu sene de \u00e7ok yo\u011funuz. \u00c7\u0131k\u0131n \u00e7\u0131k\u0131n gelin I\u015f\u0131kl\u0131 G\u00f6l\u00fcm\u00fcz\u00fcn g\u00fczelli\u011fini ke\u015ffedin&#8221; ifadelerini kulland\u0131.<\/p>\n<p>&#8220;\u0130zmir\u2019den Denizli\u2019ye I\u015f\u0131kl\u0131 G\u00f6l i\u00e7in geldik ve \u00e7ok be\u011fendik&#8221;<br \/>\n<br \/>\u0130zmir\u2019den I\u015f\u0131kl\u0131 G\u00f6l\u2019de tekne turu yapmak i\u00e7in gelen yerli turistler ise &#8220;\u0130zmir\u2019den Denizli\u2019ye I\u015f\u0131kl\u0131 G\u00f6l i\u00e7in geldik. \u00c7ok bay\u0131ld\u0131k bu kadar g\u00fczel bir \u015fey beklemiyorduk. \u0130zmir\u2019den buraya geldi\u011fimize de\u011fdi. Hem e\u011flenceli hem g\u00fczel. Havas\u0131, do\u011fas\u0131, ku\u015flar\u0131, \u00e7i\u00e7ekleri yani her \u015feyi ile \u00e7ok g\u00fczel&#8221; ifadelerini kulland\u0131.<br \/><\/p>\n","protected":false},"excerpt":{"rendered":"<p>Denizli\u2019nin \u00c7ivril il\u00e7esindeki I\u015f\u0131kl\u0131 G\u00f6l\u00fc, nil\u00fcfer \u00e7i\u00e7ekleriyle bezeli su y\u00fczeyi ve zengin ku\u015f \u00e7e\u015fitlili\u011fiyle do\u011fa tutkunlar\u0131n\u0131n ilgisini \u00e7ekerken, ekoturizmin g\u00f6zde noktalar\u0131ndan biri haline geliyor. G\u00f6l, ilkbahar ve yaz aylar\u0131nda d\u00fczenlenen kay\u0131k turlar\u0131yla ziyaret\u00e7ilere huzurlu anlar sunarken, e\u015fsiz g\u00fczelli\u011fi dronla havadan g\u00f6r\u00fcnt\u00fclendi. Denizli\u2019nin \u00c7ivril il\u00e7esinde yer alan I\u015f\u0131kl\u0131 G\u00f6l\u00fc, sahip oldu\u011fu do\u011fal g\u00fczelliklerle hem yerli hem&#8230;<\/p>\n","protected":false},"author":1,"featured_media":34563,"comment_status":"open","ping_status":"open","sticky":false,"template":"","format":"standard","meta":{"_crdt_document":"","footnotes":""},"categories":[1],"tags":[],"class_list":["post-34562","post","type-post","status-publish","format-standard","has-post-thumbnail","hentry","category-guncel"],"_links":{"self":[{"href":"https:\/\/www.egemtv.com\/index.php?rest_route=\/wp\/v2\/posts\/34562","targetHints":{"allow":["GET"]}}],"collection":[{"href":"https:\/\/www.egemtv.com\/index.php?rest_route=\/wp\/v2\/posts"}],"about":[{"href":"https:\/\/www.egemtv.com\/index.php?rest_route=\/wp\/v2\/types\/post"}],"author":[{"embeddable":true,"href":"https:\/\/www.egemtv.com\/index.php?rest_route=\/wp\/v2\/users\/1"}],"replies":[{"embeddable":true,"href":"https:\/\/www.egemtv.com\/index.php?rest_route=%2Fwp%2Fv2%2Fcomments&post=34562"}],"version-history":[{"count":1,"href":"https:\/\/www.egemtv.com\/index.php?rest_route=\/wp\/v2\/posts\/34562\/revisions"}],"predecessor-version":[{"id":34564,"href":"https:\/\/www.egemtv.com\/index.php?rest_route=\/wp\/v2\/posts\/34562\/revisions\/34564"}],"wp:featuredmedia":[{"embeddable":true,"href":"https:\/\/www.egemtv.com\/index.php?rest_route=\/wp\/v2\/media\/34563"}],"wp:attachment":[{"href":"https:\/\/www.egemtv.com\/index.php?rest_route=%2Fwp%2Fv2%2Fmedia&parent=34562"}],"wp:term":[{"taxonomy":"category","embeddable":true,"href":"https:\/\/www.egemtv.com\/index.php?rest_route=%2Fwp%2Fv2%2Fcategories&post=34562"},{"taxonomy":"post_tag","embeddable":true,"href":"https:\/\/www.egemtv.com\/index.php?rest_route=%2Fwp%2Fv2%2Ftags&post=34562"}],"curies":[{"name":"wp","href":"https:\/\/api.w.org\/{rel}","templated":true}]}}