{"id":34559,"date":"2025-06-12T14:17:22","date_gmt":"2025-06-12T11:17:22","guid":{"rendered":"https:\/\/www.egemtv.com\/?p=34559"},"modified":"2025-06-12T14:17:28","modified_gmt":"2025-06-12T11:17:28","slug":"mugladan-haci-kafilesi-yurda-donuyor","status":"publish","type":"post","link":"https:\/\/www.egemtv.com\/?p=34559","title":{"rendered":"Mu\u011fla\u2019dan Hac\u0131 kafilesi yurda d\u00f6n\u00fcyor"},"content":{"rendered":"<p>Kurban Bayram\u0131 ile birlikte idrak edilen Hac d\u00f6nemi sona erdi. Mu\u011fla\u2019n\u0131n Dalaman Havaliman\u0131\u2019ndan kutsal topraklara u\u011furlanan 1. Hac kafilesi, d\u00fcnyan\u0131n d\u00f6rt bir yan\u0131ndan gelen yakla\u015f\u0131k 2 milyon M\u00fcsl\u00fcman ile birlikte Hac ibadetini yerine getirerek &#8220;Hac\u0131&#8221; unvan\u0131 kazand\u0131.<\/p>\n<p>Hac farizas\u0131n\u0131n ard\u0131ndan Mu\u011flal\u0131 hac\u0131lar, i\u00e7 ziyaretler kapsam\u0131nda K\u00e2be\u2019ye yak\u0131n olan \u00f6nemli dini mek\u00e2nlar\u0131 da ziyaret etti. Mescid-i \u015eecere, Cin Mescidi ve Cennet\u00fc\u2019l-Muall\u00e2 gibi kutsal mek\u00e2nlara d\u00fczenlenen ziyaretler, kafile ba\u015fkan\u0131 Ortaca \u0130l\u00e7e M\u00fcft\u00fcs\u00fc Mahmut At\u0131c\u0131\u2019n\u0131n \u00f6nc\u00fcl\u00fc\u011f\u00fcnde ve grup hocalar\u0131n\u0131n rehberli\u011finde ger\u00e7ekle\u015ftirildi.<\/p>\n<p>Mu\u011fla \u0130l M\u00fcft\u00fcl\u00fc\u011f\u00fc, hac\u0131lar\u0131n ibadetlerini g\u00fcven i\u00e7inde ger\u00e7ekle\u015ftirmeleri i\u00e7in s\u00fcrecin ba\u015f\u0131ndan sonuna kadar titiz bir organizasyon y\u00fcr\u00fct\u00fcld\u00fc\u011f\u00fcn\u00fc belirterek, t\u00fcm hac\u0131 adaylar\u0131n\u0131 tebrik etti.<br \/><\/p>\n","protected":false},"excerpt":{"rendered":"<p>Kurban Bayram\u0131 ile birlikte idrak edilen Hac d\u00f6nemi sona erdi. Mu\u011fla\u2019n\u0131n Dalaman Havaliman\u0131\u2019ndan kutsal topraklara u\u011furlanan 1. Hac kafilesi, d\u00fcnyan\u0131n d\u00f6rt bir yan\u0131ndan gelen yakla\u015f\u0131k 2 milyon M\u00fcsl\u00fcman ile birlikte Hac ibadetini yerine getirerek &#8220;Hac\u0131&#8221; unvan\u0131 kazand\u0131. Hac farizas\u0131n\u0131n ard\u0131ndan Mu\u011flal\u0131 hac\u0131lar, i\u00e7 ziyaretler kapsam\u0131nda K\u00e2be\u2019ye yak\u0131n olan \u00f6nemli dini mek\u00e2nlar\u0131 da ziyaret etti. Mescid-i&#8230;<\/p>\n","protected":false},"author":1,"featured_media":34560,"comment_status":"open","ping_status":"open","sticky":false,"template":"","format":"standard","meta":{"_crdt_document":"","footnotes":""},"categories":[1],"tags":[],"class_list":["post-34559","post","type-post","status-publish","format-standard","has-post-thumbnail","hentry","category-guncel"],"_links":{"self":[{"href":"https:\/\/www.egemtv.com\/index.php?rest_route=\/wp\/v2\/posts\/34559","targetHints":{"allow":["GET"]}}],"collection":[{"href":"https:\/\/www.egemtv.com\/index.php?rest_route=\/wp\/v2\/posts"}],"about":[{"href":"https:\/\/www.egemtv.com\/index.php?rest_route=\/wp\/v2\/types\/post"}],"author":[{"embeddable":true,"href":"https:\/\/www.egemtv.com\/index.php?rest_route=\/wp\/v2\/users\/1"}],"replies":[{"embeddable":true,"href":"https:\/\/www.egemtv.com\/index.php?rest_route=%2Fwp%2Fv2%2Fcomments&post=34559"}],"version-history":[{"count":1,"href":"https:\/\/www.egemtv.com\/index.php?rest_route=\/wp\/v2\/posts\/34559\/revisions"}],"predecessor-version":[{"id":34561,"href":"https:\/\/www.egemtv.com\/index.php?rest_route=\/wp\/v2\/posts\/34559\/revisions\/34561"}],"wp:featuredmedia":[{"embeddable":true,"href":"https:\/\/www.egemtv.com\/index.php?rest_route=\/wp\/v2\/media\/34560"}],"wp:attachment":[{"href":"https:\/\/www.egemtv.com\/index.php?rest_route=%2Fwp%2Fv2%2Fmedia&parent=34559"}],"wp:term":[{"taxonomy":"category","embeddable":true,"href":"https:\/\/www.egemtv.com\/index.php?rest_route=%2Fwp%2Fv2%2Fcategories&post=34559"},{"taxonomy":"post_tag","embeddable":true,"href":"https:\/\/www.egemtv.com\/index.php?rest_route=%2Fwp%2Fv2%2Ftags&post=34559"}],"curies":[{"name":"wp","href":"https:\/\/api.w.org\/{rel}","templated":true}]}}