{"id":34556,"date":"2025-06-12T14:17:14","date_gmt":"2025-06-12T11:17:14","guid":{"rendered":"https:\/\/www.egemtv.com\/?p=34556"},"modified":"2025-06-12T14:17:22","modified_gmt":"2025-06-12T11:17:22","slug":"yelisyurtta-bogalar-egitim-icin-arenaya-cikacak","status":"publish","type":"post","link":"https:\/\/www.egemtv.com\/?p=34556","title":{"rendered":"Yeli\u015fyurt\u2019ta bo\u011falar e\u011fitim i\u00e7in arenaya \u00e7\u0131kacak"},"content":{"rendered":"<p>T\u00fcrkiye\u2019de sadece Artvin, Mu\u011fla ve Ayd\u0131n\u2019da Osmanl\u0131 d\u00f6neminden g\u00fcn\u00fcm\u00fcze kadar devam eden Y\u00f6r\u00fck k\u00fclt\u00fcr\u00fcn\u00fcn bir par\u00e7as\u0131 olan \u2018Bo\u011fa G\u00fcre\u015fi\u2019 gelene\u011fi ya\u015fat\u0131lmaya devam ediyor. May\u0131s-Aral\u0131k aylar\u0131nda hafta sonlar\u0131nda d\u00fczenlenen bo\u011fa g\u00fcre\u015flerine binlerce vatanda\u015f 35-40 derece s\u0131ca\u011fa ra\u011fmen izlemek i\u00e7in arenay\u0131 dolduruyor.<br \/>\n<br \/>Mu\u011fla\u2019da ba\u015flayan bo\u011fa g\u00fcre\u015flerinde bu hafta sonu Mente\u015fe Ye\u015filyurt (Pisi) Mahallesinde ger\u00e7ekle\u015ftirilecek olan 22. geleneksel bo\u011fa g\u00fcre\u015fi i\u00e7in haz\u0131rl\u0131klar tamamlan\u0131yor. Ye\u015filyurt Ma\u015fat mevkiindeki Mehmet Bozk\u0131r stadyumunda ger\u00e7ekle\u015ftirilecek olan Ye\u015filyurt 22. Geleneksel bo\u011fa g\u00fcre\u015flerine Ege B\u00f6lgesinin \u00fcnl\u00fc bo\u011falar\u0131 arenaya \u00e7\u0131kacak.<br \/>\n<br \/>Her y\u0131l sosyal sorumluluk projesi \u00e7er\u00e7evesinde bo\u011fa g\u00fcre\u015flerinin geliri mahallenin ihtiya\u00e7lar\u0131 i\u00e7in harcan\u0131rken, bu y\u0131l Ye\u015filyurt bo\u011fa g\u00fcre\u015flerinin geliri Ye\u015filyurt Mahallesindeki okulun ihtila\u00e7lar\u0131na aktar\u0131lacak. Bo\u011fa g\u00fcre\u015flerinden elde edilen gelirin tamam\u0131 e\u011fitim i\u00e7in harcanacak.<br \/><\/p>\n","protected":false},"excerpt":{"rendered":"<p>T\u00fcrkiye\u2019de sadece Artvin, Mu\u011fla ve Ayd\u0131n\u2019da Osmanl\u0131 d\u00f6neminden g\u00fcn\u00fcm\u00fcze kadar devam eden Y\u00f6r\u00fck k\u00fclt\u00fcr\u00fcn\u00fcn bir par\u00e7as\u0131 olan \u2018Bo\u011fa G\u00fcre\u015fi\u2019 gelene\u011fi ya\u015fat\u0131lmaya devam ediyor. May\u0131s-Aral\u0131k aylar\u0131nda hafta sonlar\u0131nda d\u00fczenlenen bo\u011fa g\u00fcre\u015flerine binlerce vatanda\u015f 35-40 derece s\u0131ca\u011fa ra\u011fmen izlemek i\u00e7in arenay\u0131 dolduruyor. Mu\u011fla\u2019da ba\u015flayan bo\u011fa g\u00fcre\u015flerinde bu hafta sonu Mente\u015fe Ye\u015filyurt (Pisi) Mahallesinde ger\u00e7ekle\u015ftirilecek olan 22. geleneksel&#8230;<\/p>\n","protected":false},"author":1,"featured_media":34557,"comment_status":"open","ping_status":"open","sticky":false,"template":"","format":"standard","meta":{"_crdt_document":"","footnotes":""},"categories":[1],"tags":[],"class_list":["post-34556","post","type-post","status-publish","format-standard","has-post-thumbnail","hentry","category-guncel"],"_links":{"self":[{"href":"https:\/\/www.egemtv.com\/index.php?rest_route=\/wp\/v2\/posts\/34556","targetHints":{"allow":["GET"]}}],"collection":[{"href":"https:\/\/www.egemtv.com\/index.php?rest_route=\/wp\/v2\/posts"}],"about":[{"href":"https:\/\/www.egemtv.com\/index.php?rest_route=\/wp\/v2\/types\/post"}],"author":[{"embeddable":true,"href":"https:\/\/www.egemtv.com\/index.php?rest_route=\/wp\/v2\/users\/1"}],"replies":[{"embeddable":true,"href":"https:\/\/www.egemtv.com\/index.php?rest_route=%2Fwp%2Fv2%2Fcomments&post=34556"}],"version-history":[{"count":1,"href":"https:\/\/www.egemtv.com\/index.php?rest_route=\/wp\/v2\/posts\/34556\/revisions"}],"predecessor-version":[{"id":34558,"href":"https:\/\/www.egemtv.com\/index.php?rest_route=\/wp\/v2\/posts\/34556\/revisions\/34558"}],"wp:featuredmedia":[{"embeddable":true,"href":"https:\/\/www.egemtv.com\/index.php?rest_route=\/wp\/v2\/media\/34557"}],"wp:attachment":[{"href":"https:\/\/www.egemtv.com\/index.php?rest_route=%2Fwp%2Fv2%2Fmedia&parent=34556"}],"wp:term":[{"taxonomy":"category","embeddable":true,"href":"https:\/\/www.egemtv.com\/index.php?rest_route=%2Fwp%2Fv2%2Fcategories&post=34556"},{"taxonomy":"post_tag","embeddable":true,"href":"https:\/\/www.egemtv.com\/index.php?rest_route=%2Fwp%2Fv2%2Ftags&post=34556"}],"curies":[{"name":"wp","href":"https:\/\/api.w.org\/{rel}","templated":true}]}}