{"id":34553,"date":"2025-06-12T13:57:22","date_gmt":"2025-06-12T10:57:22","guid":{"rendered":"https:\/\/www.egemtv.com\/?p=34553"},"modified":"2025-06-12T13:57:29","modified_gmt":"2025-06-12T10:57:29","slug":"usak-il-guvenlik-ve-asayis-koordinasyon-toplantisi-gerceklestirildi","status":"publish","type":"post","link":"https:\/\/www.egemtv.com\/?p=34553","title":{"rendered":"U\u015fak \u0130l G\u00fcvenlik ve Asayi\u015f Koordinasyon Toplant\u0131s\u0131 ger\u00e7ekle\u015ftirildi"},"content":{"rendered":"<p>U\u015fak Valisi Naci Akta\u015f, ba\u015fkanl\u0131\u011f\u0131nda ger\u00e7ekle\u015ftirilen \u0130l G\u00fcvenlik ve Asayi\u015f Koordinasyon Toplant\u0131s\u0131\u2019nda bir\u00e7ok konu hakk\u0131nda de\u011ferlendirme yap\u0131ld\u0131.<br \/>\n<br \/>\u0130l G\u00fcvenlik ve Asayi\u015f Koordinasyon Toplant\u0131s\u0131, Vali Akta\u015f\u2019\u0131n ba\u015fkanl\u0131\u011f\u0131nda ilgili kurum y\u00f6neticilerinin kat\u0131l\u0131m\u0131 ile ger\u00e7ekle\u015ftirildi. Toplant\u0131da il genelinde al\u0131nan g\u00fcvenlik uygulamalar\u0131n\u0131n de\u011ferlendirildi. Kar\u015f\u0131l\u0131kl\u0131 g\u00f6r\u00fc\u015f al\u0131\u015fveri\u015finde bulunulmas\u0131n\u0131n ard\u0131ndan toplant\u0131 sona erdi.<br \/><\/p>\n","protected":false},"excerpt":{"rendered":"<p>U\u015fak Valisi Naci Akta\u015f, ba\u015fkanl\u0131\u011f\u0131nda ger\u00e7ekle\u015ftirilen \u0130l G\u00fcvenlik ve Asayi\u015f Koordinasyon Toplant\u0131s\u0131\u2019nda bir\u00e7ok konu hakk\u0131nda de\u011ferlendirme yap\u0131ld\u0131. \u0130l G\u00fcvenlik ve Asayi\u015f Koordinasyon Toplant\u0131s\u0131, Vali Akta\u015f\u2019\u0131n ba\u015fkanl\u0131\u011f\u0131nda ilgili kurum y\u00f6neticilerinin kat\u0131l\u0131m\u0131 ile ger\u00e7ekle\u015ftirildi. Toplant\u0131da il genelinde al\u0131nan g\u00fcvenlik uygulamalar\u0131n\u0131n de\u011ferlendirildi. Kar\u015f\u0131l\u0131kl\u0131 g\u00f6r\u00fc\u015f al\u0131\u015fveri\u015finde bulunulmas\u0131n\u0131n ard\u0131ndan toplant\u0131 sona erdi.<\/p>\n","protected":false},"author":1,"featured_media":34554,"comment_status":"open","ping_status":"open","sticky":false,"template":"","format":"standard","meta":{"_crdt_document":"","footnotes":""},"categories":[5],"tags":[],"class_list":["post-34553","post","type-post","status-publish","format-standard","has-post-thumbnail","hentry","category-asayis"],"_links":{"self":[{"href":"https:\/\/www.egemtv.com\/index.php?rest_route=\/wp\/v2\/posts\/34553","targetHints":{"allow":["GET"]}}],"collection":[{"href":"https:\/\/www.egemtv.com\/index.php?rest_route=\/wp\/v2\/posts"}],"about":[{"href":"https:\/\/www.egemtv.com\/index.php?rest_route=\/wp\/v2\/types\/post"}],"author":[{"embeddable":true,"href":"https:\/\/www.egemtv.com\/index.php?rest_route=\/wp\/v2\/users\/1"}],"replies":[{"embeddable":true,"href":"https:\/\/www.egemtv.com\/index.php?rest_route=%2Fwp%2Fv2%2Fcomments&post=34553"}],"version-history":[{"count":1,"href":"https:\/\/www.egemtv.com\/index.php?rest_route=\/wp\/v2\/posts\/34553\/revisions"}],"predecessor-version":[{"id":34555,"href":"https:\/\/www.egemtv.com\/index.php?rest_route=\/wp\/v2\/posts\/34553\/revisions\/34555"}],"wp:featuredmedia":[{"embeddable":true,"href":"https:\/\/www.egemtv.com\/index.php?rest_route=\/wp\/v2\/media\/34554"}],"wp:attachment":[{"href":"https:\/\/www.egemtv.com\/index.php?rest_route=%2Fwp%2Fv2%2Fmedia&parent=34553"}],"wp:term":[{"taxonomy":"category","embeddable":true,"href":"https:\/\/www.egemtv.com\/index.php?rest_route=%2Fwp%2Fv2%2Fcategories&post=34553"},{"taxonomy":"post_tag","embeddable":true,"href":"https:\/\/www.egemtv.com\/index.php?rest_route=%2Fwp%2Fv2%2Ftags&post=34553"}],"curies":[{"name":"wp","href":"https:\/\/api.w.org\/{rel}","templated":true}]}}