{"id":34550,"date":"2025-06-12T13:57:17","date_gmt":"2025-06-12T10:57:17","guid":{"rendered":"https:\/\/www.egemtv.com\/?p=34550"},"modified":"2025-06-12T13:57:22","modified_gmt":"2025-06-12T10:57:22","slug":"mavi-dunyanin-guzelliklerini-objektifine-tasidi-cesmede-sergiledi","status":"publish","type":"post","link":"https:\/\/www.egemtv.com\/?p=34550","title":{"rendered":"Mavi d\u00fcnyan\u0131n g\u00fczelliklerini objektifine ta\u015f\u0131d\u0131, \u00c7e\u015fme\u2019de sergiledi"},"content":{"rendered":"<p>Dalg\u0131\u00e7 e\u011fitmeni babas\u0131 ve a\u011fabeyinin izinden giderek deniz alt\u0131na merak saran 15 ya\u015f\u0131ndaki Do\u011fa Erg\u00fcn, objektifini mavi derinliklerdeki hayatlara \u00e7evirdi. Do\u011fa, su alt\u0131 d\u00fcnyas\u0131n\u0131 kendi g\u00f6z\u00fcnden aktard\u0131\u011f\u0131 foto\u011fraflar\u0131, \u00c7e\u015fme Cumhuriyet Meydan\u0131\u2019nda sanatseverlerle bulu\u015ftu.<br \/>\n<br \/>Do\u011fa Erg\u00fcn\u2019\u00fcn su alt\u0131na olan ilgisi, \u00e7ocuk ya\u015flardan itibaren ailesiyle ba\u015flad\u0131. Dalg\u0131\u00e7 e\u011fitmeni olan babas\u0131 Erdin\u00e7 Erg\u00fcn ve su alt\u0131na ilgisi olan a\u011fabeyi sayesinde bu d\u00fcnyan\u0131n kap\u0131lar\u0131n\u0131 aralad\u0131\u011f\u0131n\u0131 s\u00f6yleyen Do\u011fa, ba\u015flang\u0131c\u0131n bir merakla ba\u015flad\u0131\u011f\u0131n\u0131 belirtti. Do\u011fa, &#8220;Babam ve a\u011fabeyim sayesinde su alt\u0131yla tan\u0131\u015ft\u0131m. \u0130lk ba\u015fta sadece dal\u0131\u015flar yap\u0131yor ve onlar\u0131n dal\u0131\u015flar\u0131n\u0131 izliyordum. \u00c7evremde bu g\u00fczellikleri foto\u011fraflayanlar oldu\u011funu g\u00f6r\u00fcnce ben de denemek istedim. \u00d6nce k\u00fc\u00e7\u00fck bir su alt\u0131 kameras\u0131yla ba\u015flad\u0131m. Zamanla bu i\u015f ho\u015fuma gitmeye ba\u015flad\u0131, ben de kendimi geli\u015ftirdim&#8221; dedi.<\/p>\n<p>\u2019Denizin dibi bamba\u015fka bir d\u00fcnya\u2019<br \/>\n<br \/>Gen\u00e7 ya\u015f\u0131na ra\u011fmen sualt\u0131 foto\u011fraf\u00e7\u0131l\u0131\u011f\u0131na olan tutkusu ve bak\u0131\u015f a\u00e7\u0131s\u0131yla dikkat \u00e7eken Do\u011fa, denizalt\u0131n\u0131n b\u00fcy\u00fcleyici bir evren oldu\u011funu vurgulad\u0131. &#8220;Asl\u0131nda denizin dibi bamba\u015fka bir d\u00fcnya. Orada \u00e7ok farkl\u0131 canl\u0131lar var. Renkler \u00e7ok canl\u0131, mercanlar, ilgin\u00e7 t\u00fcrler&#8230; Milyonlarca \u00e7e\u015fit canl\u0131yla i\u00e7 i\u00e7esiniz. Hepsiyle ilgilenmek beni \u00e7ok mutlu ediyor. Su alt\u0131 d\u00fcnyas\u0131 beni ger\u00e7ekten b\u00fcy\u00fcl\u00fcyor&#8221; diyerek duygular\u0131n\u0131 payla\u015ft\u0131.<\/p>\n<p>\u00c7evre bilinciyle b\u00fcy\u00fcyen bir bak\u0131\u015f<br \/>\n<br \/>Do\u011fa\u2019n\u0131n su alt\u0131 foto\u011fraflar\u0131 yaln\u0131zca estetik bir bak\u0131\u015f sunmakla kalmad\u0131, ayn\u0131 zamanda \u00e7evre bilincini de yans\u0131tt\u0131. Deniz ya\u015fam\u0131n\u0131n korunmas\u0131na dikkat \u00e7eken gen\u00e7 sanat\u00e7\u0131, her bir karede ekosistemin ne kadar hassas oldu\u011funu anlatmaya \u00e7al\u0131\u015ft\u0131\u011f\u0131n\u0131 ifade etti. Do\u011fa, &#8220;G\u00f6rd\u00fc\u011f\u00fcm g\u00fczelliklerin sonsuza kadar kalmas\u0131n\u0131 istiyorum ama ayn\u0131 zamanda tehdit alt\u0131nda olduklar\u0131n\u0131 da biliyorum. \u0130nsanlar, bu canl\u0131lara zarar verdiklerinin fark\u0131nda bile de\u011fil. Belki bir foto\u011fraf bunu anlatmaya yard\u0131mc\u0131 olur&#8221; dedi.<\/p>\n<p>Sergi b\u00fcy\u00fck ilgi g\u00f6rd\u00fc<br \/>\n<br \/>\u00c7e\u015fme Belediyesi\u2019nin d\u00fczenledi\u011fi \u00c7evre Haftas\u0131 etkinlikleri kapsam\u0131nda a\u00e7\u0131lan sergi, yerli halk ve turistler taraf\u0131ndan b\u00fcy\u00fck ilgiyle kar\u015f\u0131land\u0131. Cumhuriyet Meydan\u0131\u2019ndaki a\u00e7\u0131k hava sergisini ziyaret edenler, Do\u011fa Erg\u00fcn\u2019\u00fcn su alt\u0131 objektifinden do\u011fan\u0131n en renkli ve gizemli h\u00e2line tan\u0131kl\u0131k etme f\u0131rsat\u0131 buldu. \u00d6zellikle gen\u00e7 ya\u015fta b\u00f6yle bir sanatsal \u00fcretim ortaya koymas\u0131, ziyaret\u00e7ilerden takdir toplad\u0131.<\/p>\n<p>Gelecek hedefi: Deniz biyolojisi ve sanat bir arada<br \/>\n<br \/>Do\u011fa, ileride su alt\u0131 foto\u011fraf\u00e7\u0131l\u0131\u011f\u0131n\u0131 yaln\u0131zca bir hobi de\u011fil, profesyonel bir meslek haline getirmek istiyor. Hem sanata hem bilime ilgi duyan gen\u00e7 yetenek, \u00fcniversitede deniz biyolojisi ya da g\u00f6rsel sanatlar alan\u0131nda e\u011fitim almay\u0131 hedefliyor. &#8220;Denizi ve do\u011fay\u0131 anlatmak istiyorum. Belki bir g\u00fcn kendi sergimle d\u00fcnyay\u0131 dola\u015f\u0131r\u0131m&#8221; diyen Do\u011fa Erg\u00fcn, ya\u015f\u0131tlar\u0131na da ilham veriyor.<br \/><\/p>\n","protected":false},"excerpt":{"rendered":"<p>Dalg\u0131\u00e7 e\u011fitmeni babas\u0131 ve a\u011fabeyinin izinden giderek deniz alt\u0131na merak saran 15 ya\u015f\u0131ndaki Do\u011fa Erg\u00fcn, objektifini mavi derinliklerdeki hayatlara \u00e7evirdi. Do\u011fa, su alt\u0131 d\u00fcnyas\u0131n\u0131 kendi g\u00f6z\u00fcnden aktard\u0131\u011f\u0131 foto\u011fraflar\u0131, \u00c7e\u015fme Cumhuriyet Meydan\u0131\u2019nda sanatseverlerle bulu\u015ftu. Do\u011fa Erg\u00fcn\u2019\u00fcn su alt\u0131na olan ilgisi, \u00e7ocuk ya\u015flardan itibaren ailesiyle ba\u015flad\u0131. Dalg\u0131\u00e7 e\u011fitmeni olan babas\u0131 Erdin\u00e7 Erg\u00fcn ve su alt\u0131na ilgisi olan&#8230;<\/p>\n","protected":false},"author":1,"featured_media":34551,"comment_status":"open","ping_status":"open","sticky":false,"template":"","format":"standard","meta":{"_crdt_document":"","footnotes":""},"categories":[1],"tags":[],"class_list":["post-34550","post","type-post","status-publish","format-standard","has-post-thumbnail","hentry","category-guncel"],"_links":{"self":[{"href":"https:\/\/www.egemtv.com\/index.php?rest_route=\/wp\/v2\/posts\/34550","targetHints":{"allow":["GET"]}}],"collection":[{"href":"https:\/\/www.egemtv.com\/index.php?rest_route=\/wp\/v2\/posts"}],"about":[{"href":"https:\/\/www.egemtv.com\/index.php?rest_route=\/wp\/v2\/types\/post"}],"author":[{"embeddable":true,"href":"https:\/\/www.egemtv.com\/index.php?rest_route=\/wp\/v2\/users\/1"}],"replies":[{"embeddable":true,"href":"https:\/\/www.egemtv.com\/index.php?rest_route=%2Fwp%2Fv2%2Fcomments&post=34550"}],"version-history":[{"count":1,"href":"https:\/\/www.egemtv.com\/index.php?rest_route=\/wp\/v2\/posts\/34550\/revisions"}],"predecessor-version":[{"id":34552,"href":"https:\/\/www.egemtv.com\/index.php?rest_route=\/wp\/v2\/posts\/34550\/revisions\/34552"}],"wp:featuredmedia":[{"embeddable":true,"href":"https:\/\/www.egemtv.com\/index.php?rest_route=\/wp\/v2\/media\/34551"}],"wp:attachment":[{"href":"https:\/\/www.egemtv.com\/index.php?rest_route=%2Fwp%2Fv2%2Fmedia&parent=34550"}],"wp:term":[{"taxonomy":"category","embeddable":true,"href":"https:\/\/www.egemtv.com\/index.php?rest_route=%2Fwp%2Fv2%2Fcategories&post=34550"},{"taxonomy":"post_tag","embeddable":true,"href":"https:\/\/www.egemtv.com\/index.php?rest_route=%2Fwp%2Fv2%2Ftags&post=34550"}],"curies":[{"name":"wp","href":"https:\/\/api.w.org\/{rel}","templated":true}]}}