{"id":34544,"date":"2025-06-12T13:57:10","date_gmt":"2025-06-12T10:57:10","guid":{"rendered":"https:\/\/www.egemtv.com\/?p=34544"},"modified":"2025-06-12T13:57:12","modified_gmt":"2025-06-12T10:57:12","slug":"didimdeki-tur-otobusu-saldirisinda-yeni-goruntu-ortaya-cikti","status":"publish","type":"post","link":"https:\/\/www.egemtv.com\/?p=34544","title":{"rendered":"Didim\u2019deki tur otob\u00fcs\u00fc sald\u0131r\u0131s\u0131nda yeni g\u00f6r\u00fcnt\u00fc ortaya \u00e7\u0131kt\u0131"},"content":{"rendered":"<p>Ayd\u0131n\u2019\u0131n Didim il\u00e7esindeki tur otob\u00fcs\u00fc sald\u0131r\u0131s\u0131yla ilgili yeni g\u00f6r\u00fcnt\u00fc ortaya \u00e7\u0131kt\u0131. Sald\u0131r\u0131dan \u00f6nce otob\u00fcs \u015fof\u00f6r\u00fcn\u00fcn tutuklanan \u015f\u00fcphelilerden birisiyle tart\u0131\u015fmak i\u00e7in ara\u00e7tan indi\u011fi ve inerken de elinde bir materyal oldu\u011fu cep telefonu kameras\u0131na yans\u0131d\u0131.<br \/>\n<br \/>Didim\u2019e ba\u011fl\u0131 Akb\u00fck Mahallesi\u2019nde ge\u00e7ti\u011fimiz g\u00fcn meydana gelen olayda, be\u015f y\u0131ld\u0131zl\u0131 iki ayr\u0131 otelden Polonyal\u0131 turistleri alan tur otob\u00fcs\u00fc \u015fof\u00f6r\u00fc, seyir halindeyken, yol \u00fczerinde bir ara\u00e7 s\u00fcr\u00fcc\u00fcs\u00fc ile tart\u0131\u015fma ya\u015fam\u0131\u015f, olay sonras\u0131nda i\u00e7erisinde turistlerin oldu\u011fu otob\u00fcse sald\u0131ran 5 \u015f\u00fcpheli ise tutuklanm\u0131\u015ft\u0131.<\/p>\n<p>&#8220;Sald\u0131r\u0131 \u00f6ncesine ait tart\u0131\u015fma g\u00f6r\u00fcnt\u00fcs\u00fc ortaya \u00e7\u0131kt\u0131&#8221;<br \/>\n<br \/>Olayla ilgili ortaya \u00e7\u0131kan yeni cep telefonu g\u00f6r\u00fcnt\u00fcs\u00fcnde otob\u00fcs \u015fof\u00f6r\u00fcn\u00fcn beyaz renkli bir ticari ara\u00e7 s\u00fcr\u00fcc\u00fcs\u00fcyle tart\u0131\u015fma ya\u015fad\u0131\u011f\u0131 sonras\u0131nda otob\u00fcs\u00fc yol ortas\u0131nda durdurup, eline ald\u0131\u011f\u0131 materyalle otob\u00fcsten indi\u011fi g\u00f6r\u00fcld\u00fc.<br \/><\/p>\n","protected":false},"excerpt":{"rendered":"<p>Ayd\u0131n\u2019\u0131n Didim il\u00e7esindeki tur otob\u00fcs\u00fc sald\u0131r\u0131s\u0131yla ilgili yeni g\u00f6r\u00fcnt\u00fc ortaya \u00e7\u0131kt\u0131. Sald\u0131r\u0131dan \u00f6nce otob\u00fcs \u015fof\u00f6r\u00fcn\u00fcn tutuklanan \u015f\u00fcphelilerden birisiyle tart\u0131\u015fmak i\u00e7in ara\u00e7tan indi\u011fi ve inerken de elinde bir materyal oldu\u011fu cep telefonu kameras\u0131na yans\u0131d\u0131. Didim\u2019e ba\u011fl\u0131 Akb\u00fck Mahallesi\u2019nde ge\u00e7ti\u011fimiz g\u00fcn meydana gelen olayda, be\u015f y\u0131ld\u0131zl\u0131 iki ayr\u0131 otelden Polonyal\u0131 turistleri alan tur otob\u00fcs\u00fc \u015fof\u00f6r\u00fc, seyir halindeyken,&#8230;<\/p>\n","protected":false},"author":1,"featured_media":34545,"comment_status":"open","ping_status":"open","sticky":false,"template":"","format":"standard","meta":{"_crdt_document":"","footnotes":""},"categories":[5],"tags":[],"class_list":["post-34544","post","type-post","status-publish","format-standard","has-post-thumbnail","hentry","category-asayis"],"_links":{"self":[{"href":"https:\/\/www.egemtv.com\/index.php?rest_route=\/wp\/v2\/posts\/34544","targetHints":{"allow":["GET"]}}],"collection":[{"href":"https:\/\/www.egemtv.com\/index.php?rest_route=\/wp\/v2\/posts"}],"about":[{"href":"https:\/\/www.egemtv.com\/index.php?rest_route=\/wp\/v2\/types\/post"}],"author":[{"embeddable":true,"href":"https:\/\/www.egemtv.com\/index.php?rest_route=\/wp\/v2\/users\/1"}],"replies":[{"embeddable":true,"href":"https:\/\/www.egemtv.com\/index.php?rest_route=%2Fwp%2Fv2%2Fcomments&post=34544"}],"version-history":[{"count":1,"href":"https:\/\/www.egemtv.com\/index.php?rest_route=\/wp\/v2\/posts\/34544\/revisions"}],"predecessor-version":[{"id":34546,"href":"https:\/\/www.egemtv.com\/index.php?rest_route=\/wp\/v2\/posts\/34544\/revisions\/34546"}],"wp:featuredmedia":[{"embeddable":true,"href":"https:\/\/www.egemtv.com\/index.php?rest_route=\/wp\/v2\/media\/34545"}],"wp:attachment":[{"href":"https:\/\/www.egemtv.com\/index.php?rest_route=%2Fwp%2Fv2%2Fmedia&parent=34544"}],"wp:term":[{"taxonomy":"category","embeddable":true,"href":"https:\/\/www.egemtv.com\/index.php?rest_route=%2Fwp%2Fv2%2Fcategories&post=34544"},{"taxonomy":"post_tag","embeddable":true,"href":"https:\/\/www.egemtv.com\/index.php?rest_route=%2Fwp%2Fv2%2Ftags&post=34544"}],"curies":[{"name":"wp","href":"https:\/\/api.w.org\/{rel}","templated":true}]}}