{"id":34541,"date":"2025-06-12T13:57:05","date_gmt":"2025-06-12T10:57:05","guid":{"rendered":"https:\/\/www.egemtv.com\/?p=34541"},"modified":"2025-06-12T13:57:10","modified_gmt":"2025-06-12T10:57:10","slug":"vali-aktas-resim-sergisini-ziyaret-etti","status":"publish","type":"post","link":"https:\/\/www.egemtv.com\/?p=34541","title":{"rendered":"Vali Akta\u015f resim sergisini ziyaret etti"},"content":{"rendered":"<p>U\u015fak Valisi Naci Akta\u015f, Halk E\u011fitim Merkezi M\u00fcd\u00fcrl\u00fc\u011f\u00fc taraf\u0131ndan Gazi Mustafa Kemal \u0130lkokulu\u2019nda d\u00fczenlenen &#8220;Akrilik Boya Resim Kursu&#8221; sergisini ziyaret etti.<br \/>\n<br \/>U\u015fak Valisi Naci Akta\u015f ve e\u015fi Nagihan Akta\u015f, Halk E\u011fitim Merkezi M\u00fcd\u00fcrl\u00fc\u011f\u00fc taraf\u0131ndan Gazi Mustafa Kemal \u0130lkokulu\u2019nda d\u00fczenlenen Akrilik Boya Resim Kursu sergisini ziyaret etti. Sergide, Muharrem\u015fah Ortaokulu G\u00f6rsel Sanatlar \u00d6\u011fretmeni Esin Uzun\u2019un rehberli\u011finde kursiyerler taraf\u0131ndan toplanan eserler b\u00fcy\u00fck be\u011feni toplad\u0131. Sergi ziyaretinin ard\u0131ndan Vali Akta\u015f ve e\u015fi Nagihan Akta\u015f, okul \u00f6\u011fretmenleri bir araya gelerek sohbet etti ve ba\u015far\u0131lar diledi.<br \/><\/p>\n","protected":false},"excerpt":{"rendered":"<p>U\u015fak Valisi Naci Akta\u015f, Halk E\u011fitim Merkezi M\u00fcd\u00fcrl\u00fc\u011f\u00fc taraf\u0131ndan Gazi Mustafa Kemal \u0130lkokulu\u2019nda d\u00fczenlenen &#8220;Akrilik Boya Resim Kursu&#8221; sergisini ziyaret etti. U\u015fak Valisi Naci Akta\u015f ve e\u015fi Nagihan Akta\u015f, Halk E\u011fitim Merkezi M\u00fcd\u00fcrl\u00fc\u011f\u00fc taraf\u0131ndan Gazi Mustafa Kemal \u0130lkokulu\u2019nda d\u00fczenlenen Akrilik Boya Resim Kursu sergisini ziyaret etti. Sergide, Muharrem\u015fah Ortaokulu G\u00f6rsel Sanatlar \u00d6\u011fretmeni Esin Uzun\u2019un rehberli\u011finde&#8230;<\/p>\n","protected":false},"author":1,"featured_media":34542,"comment_status":"open","ping_status":"open","sticky":false,"template":"","format":"standard","meta":{"_crdt_document":"","footnotes":""},"categories":[1],"tags":[],"class_list":["post-34541","post","type-post","status-publish","format-standard","has-post-thumbnail","hentry","category-guncel"],"_links":{"self":[{"href":"https:\/\/www.egemtv.com\/index.php?rest_route=\/wp\/v2\/posts\/34541","targetHints":{"allow":["GET"]}}],"collection":[{"href":"https:\/\/www.egemtv.com\/index.php?rest_route=\/wp\/v2\/posts"}],"about":[{"href":"https:\/\/www.egemtv.com\/index.php?rest_route=\/wp\/v2\/types\/post"}],"author":[{"embeddable":true,"href":"https:\/\/www.egemtv.com\/index.php?rest_route=\/wp\/v2\/users\/1"}],"replies":[{"embeddable":true,"href":"https:\/\/www.egemtv.com\/index.php?rest_route=%2Fwp%2Fv2%2Fcomments&post=34541"}],"version-history":[{"count":1,"href":"https:\/\/www.egemtv.com\/index.php?rest_route=\/wp\/v2\/posts\/34541\/revisions"}],"predecessor-version":[{"id":34543,"href":"https:\/\/www.egemtv.com\/index.php?rest_route=\/wp\/v2\/posts\/34541\/revisions\/34543"}],"wp:featuredmedia":[{"embeddable":true,"href":"https:\/\/www.egemtv.com\/index.php?rest_route=\/wp\/v2\/media\/34542"}],"wp:attachment":[{"href":"https:\/\/www.egemtv.com\/index.php?rest_route=%2Fwp%2Fv2%2Fmedia&parent=34541"}],"wp:term":[{"taxonomy":"category","embeddable":true,"href":"https:\/\/www.egemtv.com\/index.php?rest_route=%2Fwp%2Fv2%2Fcategories&post=34541"},{"taxonomy":"post_tag","embeddable":true,"href":"https:\/\/www.egemtv.com\/index.php?rest_route=%2Fwp%2Fv2%2Ftags&post=34541"}],"curies":[{"name":"wp","href":"https:\/\/api.w.org\/{rel}","templated":true}]}}