{"id":34538,"date":"2025-06-12T13:57:04","date_gmt":"2025-06-12T10:57:04","guid":{"rendered":"https:\/\/www.egemtv.com\/?p=34538"},"modified":"2025-06-12T13:57:05","modified_gmt":"2025-06-12T10:57:05","slug":"kayip-yasli-adam-yapay-zeka-destekli-dron-ile-bulunmus","status":"publish","type":"post","link":"https:\/\/www.egemtv.com\/?p=34538","title":{"rendered":"Kay\u0131p ya\u015fl\u0131 adam, yapay zeka destekli dron ile bulunmu\u015f"},"content":{"rendered":"<p>Afet ve Acil Durum Y\u00f6netimi Ba\u015fkanl\u0131\u011f\u0131 (AFAD), Denizli\u2019de kaybolan 90 ya\u015f\u0131ndaki Alzheimer hastas\u0131 vatanda\u015fa, yapay zeka destekli dron kullan\u0131larak ula\u015f\u0131ld\u0131\u011f\u0131n\u0131 ve salimen kurtar\u0131ld\u0131\u011f\u0131n\u0131 bildirdi.<\/p>\n<p>Honaz il\u00e7esine ba\u011fl\u0131 K\u0131z\u0131lyer Mahallesi\u2019nde 10 Haziran 2025 Sal\u0131 g\u00fcn\u00fc saat 11.00 s\u0131ralar\u0131nda kayboldu\u011fu bildirilen 90 ya\u015f\u0131ndaki Alzheimer hastas\u0131 Nazmi All\u0131n i\u00e7in arama \u00e7al\u0131\u015fmas\u0131 ba\u015flat\u0131ld\u0131. \u0130hbar \u00fczerine harekete ge\u00e7en Jandarma, AFAD ve g\u00f6n\u00fcll\u00fc arama kurtarma ekipleri b\u00f6lgede saha \u00e7al\u0131\u015fmas\u0131 ger\u00e7ekle\u015ftirdi. Saat 22.25 s\u0131ralar\u0131nda AFAD\u2019\u0131n drone deste\u011fiyle yap\u0131lan taramalarda ya\u015fl\u0131 adam\u0131n yeri tespit edildi. AKUT ekipleri taraf\u0131ndan sa\u011f olarak bulunan All\u0131n\u2019a ilk m\u00fcdahale olay yerinde yap\u0131ld\u0131. Yap\u0131lan ilk m\u00fcdahalenin ard\u0131ndan saat 22.55\u2019te sa\u011fl\u0131k ekiplerine teslim All\u0131n, sa\u011fl\u0131k kontrolleri i\u00e7in ambulansla hastaneye kald\u0131r\u0131ld\u0131.<\/p>\n<p>AFAD\u2019dan kurtarma \u00e7al\u0131\u015fmalar\u0131yla ilgili yap\u0131lan a\u00e7\u0131klamada, &#8220;D\u00fcn \u00f6\u011fle saatlerinde Denizli\u2019nin Honaz il\u00e7esi K\u0131z\u0131lyer Mahallesinde 90 ya\u015f\u0131nda Alzheimer hastas\u0131 bir vatanda\u015f\u0131m\u0131z\u0131n kayboldu\u011fu ihbar\u0131 \u00fczerine AFAD ekiplerimiz h\u0131zla olay b\u00f6lgesine intikal etti. Kay\u0131p vatanda\u015f\u0131m\u0131z, AFAD envanterine kay\u0131tl\u0131 termal ve k\u0131z\u0131l\u00f6tesi g\u00f6r\u00fcnt\u00fcleme \u00f6zellikli, yapay zeka destekli dron arac\u0131l\u0131\u011f\u0131yla bulunarak, 112 Acil Sa\u011fl\u0131k ekiplerine teslim edildi. Salimen ula\u015ft\u0131\u011f\u0131m\u0131z Nazmi amcam\u0131za ge\u00e7mi\u015f olsun dileklerimizi sunuyor, acil \u015fifalar diliyoruz. 81 ilimizde AFAD envanterinde toplam 123 adet dron bulunmakta olup, bunlar\u0131n 84\u2019\u00fc termal g\u00f6r\u00fcnt\u00fcleme \u00f6zelli\u011fine sahiptir. Kay\u0131p arama \u00e7al\u0131\u015fmalar\u0131nda, termal \u00f6zellikli dronlara ek olarak yapay zeka destekli yaz\u0131l\u0131mlar da etkin \u015fekilde kullan\u0131lmaktad\u0131r&#8221; ifadeleri yer ald\u0131.<br \/><\/p>\n","protected":false},"excerpt":{"rendered":"<p>Afet ve Acil Durum Y\u00f6netimi Ba\u015fkanl\u0131\u011f\u0131 (AFAD), Denizli\u2019de kaybolan 90 ya\u015f\u0131ndaki Alzheimer hastas\u0131 vatanda\u015fa, yapay zeka destekli dron kullan\u0131larak ula\u015f\u0131ld\u0131\u011f\u0131n\u0131 ve salimen kurtar\u0131ld\u0131\u011f\u0131n\u0131 bildirdi. Honaz il\u00e7esine ba\u011fl\u0131 K\u0131z\u0131lyer Mahallesi\u2019nde 10 Haziran 2025 Sal\u0131 g\u00fcn\u00fc saat 11.00 s\u0131ralar\u0131nda kayboldu\u011fu bildirilen 90 ya\u015f\u0131ndaki Alzheimer hastas\u0131 Nazmi All\u0131n i\u00e7in arama \u00e7al\u0131\u015fmas\u0131 ba\u015flat\u0131ld\u0131. \u0130hbar \u00fczerine harekete ge\u00e7en Jandarma, AFAD&#8230;<\/p>\n","protected":false},"author":1,"featured_media":34539,"comment_status":"open","ping_status":"open","sticky":false,"template":"","format":"standard","meta":{"_crdt_document":"","footnotes":""},"categories":[5],"tags":[],"class_list":["post-34538","post","type-post","status-publish","format-standard","has-post-thumbnail","hentry","category-asayis"],"_links":{"self":[{"href":"https:\/\/www.egemtv.com\/index.php?rest_route=\/wp\/v2\/posts\/34538","targetHints":{"allow":["GET"]}}],"collection":[{"href":"https:\/\/www.egemtv.com\/index.php?rest_route=\/wp\/v2\/posts"}],"about":[{"href":"https:\/\/www.egemtv.com\/index.php?rest_route=\/wp\/v2\/types\/post"}],"author":[{"embeddable":true,"href":"https:\/\/www.egemtv.com\/index.php?rest_route=\/wp\/v2\/users\/1"}],"replies":[{"embeddable":true,"href":"https:\/\/www.egemtv.com\/index.php?rest_route=%2Fwp%2Fv2%2Fcomments&post=34538"}],"version-history":[{"count":1,"href":"https:\/\/www.egemtv.com\/index.php?rest_route=\/wp\/v2\/posts\/34538\/revisions"}],"predecessor-version":[{"id":34540,"href":"https:\/\/www.egemtv.com\/index.php?rest_route=\/wp\/v2\/posts\/34538\/revisions\/34540"}],"wp:featuredmedia":[{"embeddable":true,"href":"https:\/\/www.egemtv.com\/index.php?rest_route=\/wp\/v2\/media\/34539"}],"wp:attachment":[{"href":"https:\/\/www.egemtv.com\/index.php?rest_route=%2Fwp%2Fv2%2Fmedia&parent=34538"}],"wp:term":[{"taxonomy":"category","embeddable":true,"href":"https:\/\/www.egemtv.com\/index.php?rest_route=%2Fwp%2Fv2%2Fcategories&post=34538"},{"taxonomy":"post_tag","embeddable":true,"href":"https:\/\/www.egemtv.com\/index.php?rest_route=%2Fwp%2Fv2%2Ftags&post=34538"}],"curies":[{"name":"wp","href":"https:\/\/api.w.org\/{rel}","templated":true}]}}