{"id":34535,"date":"2025-06-12T13:35:31","date_gmt":"2025-06-12T10:35:31","guid":{"rendered":"https:\/\/www.egemtv.com\/?p=34535"},"modified":"2025-06-12T13:35:36","modified_gmt":"2025-06-12T10:35:36","slug":"baskan-saygili-yanlislarin-bedelini-gariban-emekcilere-odetiyorsunuz","status":"publish","type":"post","link":"https:\/\/www.egemtv.com\/?p=34535","title":{"rendered":"Ba\u015fkan Sayg\u0131l\u0131: &#8220;Yanl\u0131\u015flar\u0131n bedelini, gariban emek\u00e7ilere \u00f6detiyorsunuz&#8221;"},"content":{"rendered":"<p>AK Parti \u0130zmir \u0130l Ba\u015fkan\u0131 Bilal Sayg\u0131l\u0131, \u0130zmir B\u00fcy\u00fck\u015fehir Belediyesindeki toplu i\u015ften \u00e7\u0131karmalara y\u00f6nelik, &#8220;Bug\u00fcn belediyenin i\u00e7ine d\u00fc\u015ft\u00fc\u011f\u00fc mali kriz, bizzat CHP\u2019li y\u00f6netimin y\u0131llard\u0131r s\u00fcregelen savurganl\u0131\u011f\u0131n\u0131n, liyakatsiz kadrola\u015fmas\u0131n\u0131n ve siyasi hesaplarla yap\u0131lan keyf\u00ee i\u015fe al\u0131mlar\u0131n sonucudur. Milletvekillerinizin, genel ba\u015fkan yard\u0131mc\u0131lar\u0131n\u0131z\u0131n ve Ankara\u2019dan gelen talimatlar\u0131n etkisiyle belediyeyi bankamatik personelle doldurdunuz. \u015eimdi bu yanl\u0131\u015flar\u0131n bedelini, gariban emek\u00e7ilere \u00f6detiyorsunuz&#8221; a\u00e7\u0131klamas\u0131nda bulundu.<br \/>\n<br \/>\u0130zmir B\u00fcy\u00fck\u015fehir Belediyesi\u2019ndeki toplu i\u015ften \u00e7\u0131karma karar\u0131 sonras\u0131 AK Parti \u0130zmir \u0130l Ba\u015fkan\u0131 Bilal Sayg\u0131l\u0131\u2019dan a\u00e7\u0131klama geldi. Ba\u015fkan Sayg\u0131l\u0131, &#8220;\u0130zmir B\u00fcy\u00fck\u015fehir Belediyesi\u2019nde ya\u015fanan toplu i\u015ften \u00e7\u0131karmalar, CHP Belediyecili\u011finin iflas etti\u011fini bir kez daha a\u00e7\u0131k\u00e7a ortaya koymu\u015ftur. Binlerce emek\u00e7iyi bir gecede ya da zamana yayarak i\u015finden, a\u015f\u0131ndan etmek; ne bir y\u00f6netim ba\u015far\u0131s\u0131d\u0131r ne de vicdana s\u0131\u011far! Say\u0131n Cemil Tugay, g\u00f6reve gelir gelmez, \u00f6nceki d\u00f6nemin yanl\u0131\u015flar\u0131n\u0131 gerek\u00e7e g\u00f6stererek emek\u00e7iyi kap\u0131n\u0131n \u00f6n\u00fcne koymakla sorumluluktan ka\u00e7amaz. Bug\u00fcn belediyenin i\u00e7ine d\u00fc\u015ft\u00fc\u011f\u00fc mali kriz, bizzat CHP\u2019li y\u00f6netimin y\u0131llard\u0131r s\u00fcregelen savurganl\u0131\u011f\u0131n\u0131n, liyakatsiz kadrola\u015fmas\u0131n\u0131n ve siyasi hesaplarla yap\u0131lan keyf\u00ee i\u015fe al\u0131mlar\u0131n sonucudur. Siz, belediyeyi partinizin arka bah\u00e7esi h\u00e2line getirdiniz! Milletvekillerinizin, genel ba\u015fkan yard\u0131mc\u0131lar\u0131n\u0131z\u0131n ve Ankara\u2019dan gelen talimatlar\u0131n etkisiyle belediyeyi bankamatik personellerle doldurdunuz. \u015eimdi bu yanl\u0131\u015flar\u0131n bedelini, gariban emek\u00e7ilere \u00f6detiyorsunuz. Tun\u00e7 Soyer d\u00f6neminde, siyasi sadakat esas al\u0131narak yap\u0131lan binlerce keyf\u00ee atama, CHP\u2019nin \u0130zmir\u2019i nas\u0131l y\u00f6netti\u011finin en somut g\u00f6stergesidir. Say\u0131n Cemil Tugay da bug\u00fcn, ge\u00e7mi\u015f d\u00f6nemin t\u00fcm bu sorumsuzluklar\u0131n\u0131n faturas\u0131n\u0131 i\u015f\u00e7iye kesmeye \u00e7al\u0131\u015fmaktad\u0131r&#8221; dedi.<\/p>\n<p>&#8220;\u0130zmirlinin paras\u0131n\u0131 bu ki\u015filere maa\u015f olarak \u00f6derken vicdan\u0131n\u0131z neredeydi?&#8221;<br \/>\n<br \/>Belediyede \u00e7al\u0131\u015fmadan maa\u015f alan bankamatik personelinin oldu\u011funu, bu ki\u015filerin CHP genel merkezindeki \u00fcst d\u00fczey isimlerin referans\u0131yla i\u015fe girdi\u011fini belirten Ba\u015fkan Sayg\u0131l\u0131, &#8220;Sorumlu i\u015f\u00e7i midir? Elbette hay\u0131r! Sorumlu sizsiniz! Buradan soruyorum: Belediyenin kasas\u0131 bo\u015falt\u0131l\u0131rken siz neredeydiniz? Ba\u015fka bir siyasi partide miydiniz? Madem belediyede bankamatik personel vard\u0131 g\u00f6reve geli\u015finizin \u00fczerinden ge\u00e7en bir y\u0131l\u0131 a\u015fk\u0131n s\u00fcrede, \u0130zmirlinin paras\u0131n\u0131 bu ki\u015filere maa\u015f olarak \u00f6derken vicdan\u0131n\u0131z neredeydi? Bu atamalar\u0131n talimat\u0131n\u0131 veren milletvekilleri ve genel merkez y\u00f6neticileri \u015fimdi neden susuyor? CHP\u2019li belediyecilik, \u0130zmir\u2019de s\u0131n\u0131fta kalm\u0131\u015ft\u0131r. Ne halk\u0131 ne de emek\u00e7iyi kand\u0131rabilirsiniz. Y\u00f6netemiyorsunuz, bat\u0131r\u0131yorsunuz; sonra da birbirinize su\u00e7 atarak halk\u0131n akl\u0131yla alay ediyorsunuz. \u015eimdi bas\u0131n toplant\u0131s\u0131 d\u00fczenleyip hangi bahanelerle kendinizi aklamaya \u00e7al\u0131\u015facaks\u0131n\u0131z? Eski y\u00f6netim mi, ekonomi mi, h\u00fck\u00fcmet mi diyeceksiniz? Sakland\u0131\u011f\u0131n\u0131z bahanelerle \u0130zmirlileri kand\u0131ramazs\u0131n\u0131z. G\u00f6reve geldi\u011finiz ilk g\u00fcnden bu yana anlatt\u0131\u011f\u0131n\u0131z bu s\u00f6ylemlerle, ancak kendinizi kand\u0131r\u0131rs\u0131n\u0131z. AK Parti olarak bu i\u015f\u00e7i k\u0131y\u0131m\u0131n\u0131n takip\u00e7isi olaca\u011f\u0131z. \u0130zmir halk\u0131 da yap\u0131lan bu b\u00fcy\u00fck vebalin hesab\u0131n\u0131, g\u00fcn\u00fc geldi\u011finde sand\u0131kta soracakt\u0131r. Hi\u00e7 \u015f\u00fcpheniz olmas\u0131n&#8221; ifadelerini kulland\u0131.<br \/><\/p>\n","protected":false},"excerpt":{"rendered":"<p>AK Parti \u0130zmir \u0130l Ba\u015fkan\u0131 Bilal Sayg\u0131l\u0131, \u0130zmir B\u00fcy\u00fck\u015fehir Belediyesindeki toplu i\u015ften \u00e7\u0131karmalara y\u00f6nelik, &#8220;Bug\u00fcn belediyenin i\u00e7ine d\u00fc\u015ft\u00fc\u011f\u00fc mali kriz, bizzat CHP\u2019li y\u00f6netimin y\u0131llard\u0131r s\u00fcregelen savurganl\u0131\u011f\u0131n\u0131n, liyakatsiz kadrola\u015fmas\u0131n\u0131n ve siyasi hesaplarla yap\u0131lan keyf\u00ee i\u015fe al\u0131mlar\u0131n sonucudur. Milletvekillerinizin, genel ba\u015fkan yard\u0131mc\u0131lar\u0131n\u0131z\u0131n ve Ankara\u2019dan gelen talimatlar\u0131n etkisiyle belediyeyi bankamatik personelle doldurdunuz. \u015eimdi bu yanl\u0131\u015flar\u0131n bedelini, gariban emek\u00e7ilere&#8230;<\/p>\n","protected":false},"author":1,"featured_media":34536,"comment_status":"open","ping_status":"open","sticky":false,"template":"","format":"standard","meta":{"_crdt_document":"","footnotes":""},"categories":[127],"tags":[],"class_list":["post-34535","post","type-post","status-publish","format-standard","has-post-thumbnail","hentry","category-siyaset"],"_links":{"self":[{"href":"https:\/\/www.egemtv.com\/index.php?rest_route=\/wp\/v2\/posts\/34535","targetHints":{"allow":["GET"]}}],"collection":[{"href":"https:\/\/www.egemtv.com\/index.php?rest_route=\/wp\/v2\/posts"}],"about":[{"href":"https:\/\/www.egemtv.com\/index.php?rest_route=\/wp\/v2\/types\/post"}],"author":[{"embeddable":true,"href":"https:\/\/www.egemtv.com\/index.php?rest_route=\/wp\/v2\/users\/1"}],"replies":[{"embeddable":true,"href":"https:\/\/www.egemtv.com\/index.php?rest_route=%2Fwp%2Fv2%2Fcomments&post=34535"}],"version-history":[{"count":1,"href":"https:\/\/www.egemtv.com\/index.php?rest_route=\/wp\/v2\/posts\/34535\/revisions"}],"predecessor-version":[{"id":34537,"href":"https:\/\/www.egemtv.com\/index.php?rest_route=\/wp\/v2\/posts\/34535\/revisions\/34537"}],"wp:featuredmedia":[{"embeddable":true,"href":"https:\/\/www.egemtv.com\/index.php?rest_route=\/wp\/v2\/media\/34536"}],"wp:attachment":[{"href":"https:\/\/www.egemtv.com\/index.php?rest_route=%2Fwp%2Fv2%2Fmedia&parent=34535"}],"wp:term":[{"taxonomy":"category","embeddable":true,"href":"https:\/\/www.egemtv.com\/index.php?rest_route=%2Fwp%2Fv2%2Fcategories&post=34535"},{"taxonomy":"post_tag","embeddable":true,"href":"https:\/\/www.egemtv.com\/index.php?rest_route=%2Fwp%2Fv2%2Ftags&post=34535"}],"curies":[{"name":"wp","href":"https:\/\/api.w.org\/{rel}","templated":true}]}}