{"id":34532,"date":"2025-06-12T13:16:06","date_gmt":"2025-06-12T10:16:06","guid":{"rendered":"https:\/\/www.egemtv.com\/?p=34532"},"modified":"2025-06-12T13:16:12","modified_gmt":"2025-06-12T10:16:12","slug":"sit-alaninda-ilek-toplarken-yakalandilar","status":"publish","type":"post","link":"https:\/\/www.egemtv.com\/?p=34532","title":{"rendered":"Sit alan\u0131nda ilek toplarken yakaland\u0131lar"},"content":{"rendered":"<p>Ayd\u0131n\u2019\u0131n Didim il\u00e7esinde sit alan\u0131nda bulunan incir a\u011fa\u00e7lar\u0131ndan 15 kilo ilek toplayan 2 \u015f\u00fcpheli jandarma ekiplerince yakaland\u0131.<\/p>\n<p>Didim \u0130l\u00e7e Jandarma Komutanl\u0131\u011f\u0131 taraf\u0131ndan Balat Mahallesi sit alan\u0131 i\u00e7erisinde devriye \u00e7al\u0131\u015fmas\u0131 ger\u00e7ekle\u015ftirildi. Edinilen bilgiye g\u00f6re, devriye esnas\u0131nda ekipler, \u015f\u00fcpheli \u015fah\u0131slar\u0131n oldu\u011funu fark etti. Yap\u0131lan kontrolde, \u0130.K. ve M.K. isimli \u015fah\u0131slar\u0131n incir a\u011fa\u00e7lar\u0131ndan yakla\u015f\u0131k 15 kilo incir ile\u011fi meyvesi toplad\u0131\u011f\u0131 tespit edildi. Ayd\u0131n Valili\u011fi\u2019nin 2018\/1 Nolu Tebli\u011fi ile toplanmas\u0131 koruma alt\u0131na al\u0131nan incir ile\u011fini toplayan \u015fah\u0131slar hakk\u0131nda i\u015flem yap\u0131ld\u0131. Toplanan ilekler ve belgeler, Didim \u0130l\u00e7e Tar\u0131m ve Orman M\u00fcd\u00fcrl\u00fc\u011f\u00fc ile M\u00fcze M\u00fcd\u00fcrl\u00fc\u011f\u00fc ekiplerine teslim edildi. \u015eah\u0131slar hakk\u0131nda adli ve idari i\u015flem ba\u015flat\u0131ld\u0131.<br \/><\/p>\n","protected":false},"excerpt":{"rendered":"<p>Ayd\u0131n\u2019\u0131n Didim il\u00e7esinde sit alan\u0131nda bulunan incir a\u011fa\u00e7lar\u0131ndan 15 kilo ilek toplayan 2 \u015f\u00fcpheli jandarma ekiplerince yakaland\u0131. Didim \u0130l\u00e7e Jandarma Komutanl\u0131\u011f\u0131 taraf\u0131ndan Balat Mahallesi sit alan\u0131 i\u00e7erisinde devriye \u00e7al\u0131\u015fmas\u0131 ger\u00e7ekle\u015ftirildi. Edinilen bilgiye g\u00f6re, devriye esnas\u0131nda ekipler, \u015f\u00fcpheli \u015fah\u0131slar\u0131n oldu\u011funu fark etti. Yap\u0131lan kontrolde, \u0130.K. ve M.K. isimli \u015fah\u0131slar\u0131n incir a\u011fa\u00e7lar\u0131ndan yakla\u015f\u0131k 15 kilo incir ile\u011fi&#8230;<\/p>\n","protected":false},"author":1,"featured_media":34533,"comment_status":"open","ping_status":"open","sticky":false,"template":"","format":"standard","meta":{"_crdt_document":"","footnotes":""},"categories":[5],"tags":[],"class_list":["post-34532","post","type-post","status-publish","format-standard","has-post-thumbnail","hentry","category-asayis"],"_links":{"self":[{"href":"https:\/\/www.egemtv.com\/index.php?rest_route=\/wp\/v2\/posts\/34532","targetHints":{"allow":["GET"]}}],"collection":[{"href":"https:\/\/www.egemtv.com\/index.php?rest_route=\/wp\/v2\/posts"}],"about":[{"href":"https:\/\/www.egemtv.com\/index.php?rest_route=\/wp\/v2\/types\/post"}],"author":[{"embeddable":true,"href":"https:\/\/www.egemtv.com\/index.php?rest_route=\/wp\/v2\/users\/1"}],"replies":[{"embeddable":true,"href":"https:\/\/www.egemtv.com\/index.php?rest_route=%2Fwp%2Fv2%2Fcomments&post=34532"}],"version-history":[{"count":1,"href":"https:\/\/www.egemtv.com\/index.php?rest_route=\/wp\/v2\/posts\/34532\/revisions"}],"predecessor-version":[{"id":34534,"href":"https:\/\/www.egemtv.com\/index.php?rest_route=\/wp\/v2\/posts\/34532\/revisions\/34534"}],"wp:featuredmedia":[{"embeddable":true,"href":"https:\/\/www.egemtv.com\/index.php?rest_route=\/wp\/v2\/media\/34533"}],"wp:attachment":[{"href":"https:\/\/www.egemtv.com\/index.php?rest_route=%2Fwp%2Fv2%2Fmedia&parent=34532"}],"wp:term":[{"taxonomy":"category","embeddable":true,"href":"https:\/\/www.egemtv.com\/index.php?rest_route=%2Fwp%2Fv2%2Fcategories&post=34532"},{"taxonomy":"post_tag","embeddable":true,"href":"https:\/\/www.egemtv.com\/index.php?rest_route=%2Fwp%2Fv2%2Ftags&post=34532"}],"curies":[{"name":"wp","href":"https:\/\/api.w.org\/{rel}","templated":true}]}}