{"id":34529,"date":"2025-06-12T13:16:03","date_gmt":"2025-06-12T10:16:03","guid":{"rendered":"https:\/\/www.egemtv.com\/?p=34529"},"modified":"2025-06-12T13:16:06","modified_gmt":"2025-06-12T10:16:06","slug":"12-yildir-aranan-sahis-narkotige-takildi","status":"publish","type":"post","link":"https:\/\/www.egemtv.com\/?p=34529","title":{"rendered":"12 y\u0131ld\u0131r aranan \u015fah\u0131s narkoti\u011fe tak\u0131ld\u0131"},"content":{"rendered":"<p>Ayd\u0131n\u2019\u0131n Didim il\u00e7esinde \u00e7e\u015fitli su\u00e7lardan 12 y\u0131ld\u0131r aranan ve 4 y\u0131l 8 ay kesinle\u015fmi\u015f hapis cezas\u0131 bulunan \u015fah\u0131s narkotik ekiplerince yakaland\u0131.<br \/>\n<br \/>Didim Narkotik Su\u00e7larla M\u00fccadele B\u00fcro Amirli\u011fi ekiplerince aranan \u015fah\u0131slar\u0131n yakalanmas\u0131na y\u00f6nelik yap\u0131lan tespit ve takip sonucu 2 uyu\u015fturucu madde ticareti yapma veya sa\u011flama, ba\u015fkalar\u0131na ait kimlik veya kimlik bilgilerini kullanma ve g\u00f6revi yapt\u0131rmamak i\u00e7in direnme su\u00e7lar\u0131ndan toplamda 4 aranma kayd\u0131 ve 4 y\u0131l 8 ay kesilmi\u015f cezas\u0131 bulunan ayr\u0131ca 12 y\u0131ld\u0131r aranan M.A. (38) d\u00fczenlenen operasyonla k\u0131sk\u0131vrak yakaland\u0131. G\u00f6zalt\u0131na al\u0131nan \u015fah\u0131s emniyetteki i\u015flemlerinin ard\u0131ndan sevk edildi\u011fi adliyede \u00e7\u0131kart\u0131ld\u0131\u011f\u0131 adli makamlarca tutuklanarak cezaevine g\u00f6nderildi.<br \/><\/p>\n","protected":false},"excerpt":{"rendered":"<p>Ayd\u0131n\u2019\u0131n Didim il\u00e7esinde \u00e7e\u015fitli su\u00e7lardan 12 y\u0131ld\u0131r aranan ve 4 y\u0131l 8 ay kesinle\u015fmi\u015f hapis cezas\u0131 bulunan \u015fah\u0131s narkotik ekiplerince yakaland\u0131. Didim Narkotik Su\u00e7larla M\u00fccadele B\u00fcro Amirli\u011fi ekiplerince aranan \u015fah\u0131slar\u0131n yakalanmas\u0131na y\u00f6nelik yap\u0131lan tespit ve takip sonucu 2 uyu\u015fturucu madde ticareti yapma veya sa\u011flama, ba\u015fkalar\u0131na ait kimlik veya kimlik bilgilerini kullanma ve g\u00f6revi yapt\u0131rmamak i\u00e7in&#8230;<\/p>\n","protected":false},"author":1,"featured_media":34530,"comment_status":"open","ping_status":"open","sticky":false,"template":"","format":"standard","meta":{"_crdt_document":"","footnotes":""},"categories":[5],"tags":[],"class_list":["post-34529","post","type-post","status-publish","format-standard","has-post-thumbnail","hentry","category-asayis"],"_links":{"self":[{"href":"https:\/\/www.egemtv.com\/index.php?rest_route=\/wp\/v2\/posts\/34529","targetHints":{"allow":["GET"]}}],"collection":[{"href":"https:\/\/www.egemtv.com\/index.php?rest_route=\/wp\/v2\/posts"}],"about":[{"href":"https:\/\/www.egemtv.com\/index.php?rest_route=\/wp\/v2\/types\/post"}],"author":[{"embeddable":true,"href":"https:\/\/www.egemtv.com\/index.php?rest_route=\/wp\/v2\/users\/1"}],"replies":[{"embeddable":true,"href":"https:\/\/www.egemtv.com\/index.php?rest_route=%2Fwp%2Fv2%2Fcomments&post=34529"}],"version-history":[{"count":1,"href":"https:\/\/www.egemtv.com\/index.php?rest_route=\/wp\/v2\/posts\/34529\/revisions"}],"predecessor-version":[{"id":34531,"href":"https:\/\/www.egemtv.com\/index.php?rest_route=\/wp\/v2\/posts\/34529\/revisions\/34531"}],"wp:featuredmedia":[{"embeddable":true,"href":"https:\/\/www.egemtv.com\/index.php?rest_route=\/wp\/v2\/media\/34530"}],"wp:attachment":[{"href":"https:\/\/www.egemtv.com\/index.php?rest_route=%2Fwp%2Fv2%2Fmedia&parent=34529"}],"wp:term":[{"taxonomy":"category","embeddable":true,"href":"https:\/\/www.egemtv.com\/index.php?rest_route=%2Fwp%2Fv2%2Fcategories&post=34529"},{"taxonomy":"post_tag","embeddable":true,"href":"https:\/\/www.egemtv.com\/index.php?rest_route=%2Fwp%2Fv2%2Ftags&post=34529"}],"curies":[{"name":"wp","href":"https:\/\/api.w.org\/{rel}","templated":true}]}}