{"id":34523,"date":"2025-06-12T12:57:05","date_gmt":"2025-06-12T09:57:05","guid":{"rendered":"https:\/\/www.egemtv.com\/?p=34523"},"modified":"2025-06-12T12:57:09","modified_gmt":"2025-06-12T09:57:09","slug":"evine-gidip-tartistigi-kadini-bicaklayarak-olduren-kadin-ve-3-supheli-adliyeye-sevk-edildi","status":"publish","type":"post","link":"https:\/\/www.egemtv.com\/?p=34523","title":{"rendered":"Evine gidip tart\u0131\u015ft\u0131\u011f\u0131 kad\u0131n\u0131 b\u0131\u00e7aklayarak \u00f6ld\u00fcren kad\u0131n ve 3 \u015f\u00fcpheli adliyeye sevk edildi"},"content":{"rendered":"<p>Burdur\u2019da, evine gitti\u011fi 35 ya\u015f\u0131ndaki kad\u0131nla kap\u0131 \u00f6n\u00fcnde ya\u015fad\u0131\u011f\u0131 tart\u0131\u015fma sonras\u0131 onu b\u0131\u00e7aklayarak \u00f6ld\u00fcren T\u00fclay A. ile birlikte aralar\u0131nda \u00d6zge Bedir\u2019in e\u015fi Adnan B.\u2019nin de bulundu\u011fu g\u00f6zalt\u0131na al\u0131nan 3 \u015f\u00fcpheli, emniyetteki i\u015flemlerinin ard\u0131ndan adliyeye sevk edildi.<br \/>\n<br \/>Olay, d\u00fcn saat 21.00 s\u0131ralar\u0131nda merkez Ba\u011flar Mahallesi 14036 Sokak\u2019ta bulunan bir sitede meydana geldi. Edinilen bilgilere g\u00f6re, Seray \u00d6. (25), T\u00fclay A. (22) isimli k\u0131z arkada\u015f\u0131 ile birlikte daha \u00f6nce mahkemelik oldu\u011fu Adnan B.\u2019nin (35) evine gitti. Seray \u00d6. site \u00f6n\u00fcnde beklerken, T\u00fclay A. apartman\u0131n birinci kat\u0131ndaki daireye \u00e7\u0131karak A.B.\u2019nin e\u015fi \u00d6zge Bedir (35) ile hen\u00fcz bilinmeyen bir nedenle tart\u0131\u015fmaya ba\u015flad\u0131. Tart\u0131\u015fman\u0131n k\u0131sa s\u00fcrede kavgaya d\u00f6n\u00fc\u015fmesiyle ya\u015fanan arbede s\u0131ras\u0131nda T\u00fclay A., \u00d6zge Bedir\u2019i bo\u011faz\u0131ndan ve kar\u0131n b\u00f6lgesinden b\u0131\u00e7aklayarak a\u011f\u0131r yaralad\u0131. \u0130ki \u015f\u00fcpheli olay yerinden ka\u00e7arak uzakla\u015ft\u0131. Olaydan bir s\u00fcre sonra Seray \u00d6. taraf\u0131ndan 112 Acil \u00c7a\u011fr\u0131 Merkezi\u2019ne yap\u0131lan ihbar \u00fczerine \u00d6zge Bedir\u2019in evine itfaiye, sa\u011fl\u0131k ve polis ekipleri sevk edildi. \u0130tfaiye ekiplerinin kap\u0131y\u0131 a\u00e7mas\u0131n\u0131n ard\u0131ndan \u00d6zge Bedir, evin koridorunda kanlar i\u00e7inde bulundu. Sa\u011fl\u0131k ekiplerinin yapt\u0131\u011f\u0131 kontrolde Bedir\u2019in hayat\u0131n\u0131 kaybetti\u011fi belirlendi.<\/p>\n<p>\u00d6zge Bedir\u2019in cenazesi morga kald\u0131r\u0131ld\u0131<br \/>\n<br \/>Polis ekipleri, k\u0131sa s\u00fcre sonra \u015f\u00fcpheliler T\u00fclay A. ve Seray \u00d6.\u2019y\u00fc Yeni Mahalle I\u015f\u0131ldak Sokak\u2019ta yakalad\u0131. Arbede s\u0131ras\u0131nda elinden yaralanan T\u00fclay A., tedavi i\u00e7in Burdur Devlet Hastanesi\u2019ne kald\u0131r\u0131ld\u0131. Tedavisinin ard\u0131ndan T\u00fclay A. ve arkada\u015f\u0131 Seray \u00d6. g\u00f6zalt\u0131na al\u0131nd\u0131. \u00d6zge Bedir\u2019in cenazesi ise savc\u0131 ve olay yeri inceleme ekiplerinin \u00e7al\u0131\u015fmas\u0131n\u0131n ard\u0131ndan otopsi i\u00e7in Burdur Devlet Hastanesi morguna kald\u0131r\u0131ld\u0131.<\/p>\n<p>\u00d6len kad\u0131n\u0131n e\u015fi ekip arac\u0131nda bayg\u0131nl\u0131k ge\u00e7irdi<br \/>\n<br \/>E\u015finin \u00f6l\u00fcm haberini alan ve evdeki \u00e7al\u0131\u015fmalar\u0131n bitmesini bekleyen Adnan B., polis arac\u0131nda bayg\u0131nl\u0131k ge\u00e7irdi. Ambulansla hastaneye kald\u0131r\u0131lan Adnan B.\u2019nin tedavisi s\u00fcrerken, olay yerinde bulunan \u00d6zge Bedir\u2019in yak\u0131nlar\u0131 sinir krizi ge\u00e7irdi. \u00d6zge Bedir\u2019in biri 5 ya\u015f\u0131nda, di\u011feri hen\u00fcz 36 g\u00fcnl\u00fck 2 \u00e7ocuk annesi oldu\u011fu \u00f6\u011frenildi.<\/p>\n<p>Emniyetteki ifadesinde kendini korumak i\u00e7in yapt\u0131\u011f\u0131n\u0131 s\u00f6yledi<br \/>\n<br \/>G\u00f6zalt\u0131na al\u0131nan T\u00fclay A. emniyetteki ilk ifadesinde \u00d6zge Bedir\u2019in kendilerini konu\u015fmak \u00fczere eve \u00e7a\u011f\u0131rd\u0131\u011f\u0131n\u0131, Seray\u2019\u0131n d\u0131\u015far\u0131da bekledi\u011fini, kap\u0131 \u00f6n\u00fcnde konu\u015furken Bedir\u2019in kendisini i\u00e7eri \u00e7ekerek kap\u0131y\u0131 kapatt\u0131\u011f\u0131n\u0131, ard\u0131ndan hakaret edip mutfaktan ald\u0131\u011f\u0131 b\u0131\u00e7akla sald\u0131rd\u0131\u011f\u0131n\u0131 \u00f6ne s\u00fcrd\u00fc. T\u00fclay A.\u2019n\u0131n, bo\u011fu\u015fma s\u0131ras\u0131nda b\u0131\u00e7a\u011f\u0131 elinden al\u0131p kendisini korumak amac\u0131yla Bedir\u2019i b\u0131\u00e7aklad\u0131\u011f\u0131 iddias\u0131nda bulundu\u011fu \u00f6\u011frenildi. Seray \u00d6. ve T\u00fclay A.\u2019nin ifadelerinin ard\u0131ndan koca Adnan B. ve Vedat \u00d6. isimli bir \u015fahs\u0131n daha ifadeleri al\u0131nmak \u00fczere polis merkezine g\u00f6t\u00fcr\u00fcld\u00fc\u011f\u00fc ifade edildi.<\/p>\n<p>Zanl\u0131 ile \u00f6len kad\u0131n\u0131n e\u015finin ge\u00e7mi\u015fte g\u00f6n\u00fcl ili\u015fkisi oldu\u011fu iddias\u0131<br \/>\n<br \/>Olay\u0131n arka plan\u0131nda ise ge\u00e7mi\u015f y\u0131llarda Seray \u00d6. ile Adnan B. aras\u0131nda ya\u015fand\u0131\u011f\u0131 iddia edilen bir g\u00f6n\u00fcl ili\u015fkisinin bulundu\u011fu belirtildi. O d\u00f6nem Adnan B.\u2019nin Seray \u00d6. ve T\u00fclay A.\u2019y\u0131 zorla arabas\u0131na bindirdi\u011fi gerek\u00e7esiyle \u015fikayet edildi\u011fi, g\u00f6zalt\u0131na al\u0131nan Adnan B.\u2019nin &#8220;Ki\u015fiyi h\u00fcrriyetinden yoksun k\u0131lma&#8221; su\u00e7undan tutuklanarak bir s\u00fcre cezaevinde kald\u0131\u011f\u0131 bilgisine ula\u015f\u0131ld\u0131.<\/p>\n<p>Sevenleri morg \u00f6n\u00fcne ak\u0131n etti<br \/>\n<br \/>Hayat\u0131n\u0131 kaybeden 2 \u00e7ocuk annesi \u00d6zge Bedir\u2019in cenazesi yap\u0131lan otopsinin ard\u0131ndan yak\u0131nlar\u0131 ve sevenleri taraf\u0131ndan morgdan al\u0131narak Sultandere Mezarl\u0131\u011f\u0131\u2019nda topra\u011fa verildi.<\/p>\n<p>Zanl\u0131 ve 3 \u015f\u00fcpheli adliyeye sevk edildi<br \/>\n<br \/>Cinayet zanl\u0131s\u0131 T\u00fclay A. ile birlikte g\u00f6zalt\u0131na al\u0131nan Seray \u00d6., Vedat \u00d6. ve  \u00d6zge Bedir\u2019in e\u015fi Adnan B., emniyetteki i\u015flemlerinin ard\u0131ndan sabah saatlerinde adliyeye sevk edildi.<\/p>\n","protected":false},"excerpt":{"rendered":"<p>Burdur\u2019da, evine gitti\u011fi 35 ya\u015f\u0131ndaki kad\u0131nla kap\u0131 \u00f6n\u00fcnde ya\u015fad\u0131\u011f\u0131 tart\u0131\u015fma sonras\u0131 onu b\u0131\u00e7aklayarak \u00f6ld\u00fcren T\u00fclay A. ile birlikte aralar\u0131nda \u00d6zge Bedir\u2019in e\u015fi Adnan B.\u2019nin de bulundu\u011fu g\u00f6zalt\u0131na al\u0131nan 3 \u015f\u00fcpheli, emniyetteki i\u015flemlerinin ard\u0131ndan adliyeye sevk edildi. Olay, d\u00fcn saat 21.00 s\u0131ralar\u0131nda merkez Ba\u011flar Mahallesi 14036 Sokak\u2019ta bulunan bir sitede meydana geldi. Edinilen bilgilere g\u00f6re, Seray&#8230;<\/p>\n","protected":false},"author":1,"featured_media":34524,"comment_status":"open","ping_status":"open","sticky":false,"template":"","format":"standard","meta":{"_crdt_document":"","footnotes":""},"categories":[5],"tags":[],"class_list":["post-34523","post","type-post","status-publish","format-standard","has-post-thumbnail","hentry","category-asayis"],"_links":{"self":[{"href":"https:\/\/www.egemtv.com\/index.php?rest_route=\/wp\/v2\/posts\/34523","targetHints":{"allow":["GET"]}}],"collection":[{"href":"https:\/\/www.egemtv.com\/index.php?rest_route=\/wp\/v2\/posts"}],"about":[{"href":"https:\/\/www.egemtv.com\/index.php?rest_route=\/wp\/v2\/types\/post"}],"author":[{"embeddable":true,"href":"https:\/\/www.egemtv.com\/index.php?rest_route=\/wp\/v2\/users\/1"}],"replies":[{"embeddable":true,"href":"https:\/\/www.egemtv.com\/index.php?rest_route=%2Fwp%2Fv2%2Fcomments&post=34523"}],"version-history":[{"count":1,"href":"https:\/\/www.egemtv.com\/index.php?rest_route=\/wp\/v2\/posts\/34523\/revisions"}],"predecessor-version":[{"id":34525,"href":"https:\/\/www.egemtv.com\/index.php?rest_route=\/wp\/v2\/posts\/34523\/revisions\/34525"}],"wp:featuredmedia":[{"embeddable":true,"href":"https:\/\/www.egemtv.com\/index.php?rest_route=\/wp\/v2\/media\/34524"}],"wp:attachment":[{"href":"https:\/\/www.egemtv.com\/index.php?rest_route=%2Fwp%2Fv2%2Fmedia&parent=34523"}],"wp:term":[{"taxonomy":"category","embeddable":true,"href":"https:\/\/www.egemtv.com\/index.php?rest_route=%2Fwp%2Fv2%2Fcategories&post=34523"},{"taxonomy":"post_tag","embeddable":true,"href":"https:\/\/www.egemtv.com\/index.php?rest_route=%2Fwp%2Fv2%2Ftags&post=34523"}],"curies":[{"name":"wp","href":"https:\/\/api.w.org\/{rel}","templated":true}]}}