{"id":34517,"date":"2025-06-12T12:56:56","date_gmt":"2025-06-12T09:56:56","guid":{"rendered":"https:\/\/www.egemtv.com\/?p=34517"},"modified":"2025-06-12T12:57:01","modified_gmt":"2025-06-12T09:57:01","slug":"14-yasindaki-ortaokul-ogrencisi-muhammet-efe-tek-basina-300-donum-arazide-uretim-yapiyor","status":"publish","type":"post","link":"https:\/\/www.egemtv.com\/?p=34517","title":{"rendered":"14 ya\u015f\u0131ndaki ortaokul \u00f6\u011frencisi Muhammet Efe tek ba\u015f\u0131na 300 d\u00f6n\u00fcm arazide \u00fcretim yap\u0131yor"},"content":{"rendered":"<p>Ayd\u0131n\u2019\u0131n \u0130ncirliova \u0130l\u00e7esi 50. Y\u0131l ortaokulunda okuyan 14 ya\u015f\u0131ndaki Muhammet Efe \u00c7elik, hem okul derslerinde hem de baba mesle\u011fi \u00e7ift\u00e7ilikte azmi ve \u00e7al\u0131\u015fkanl\u0131\u011f\u0131 g\u00f6renlerin takdirini topluyor. Bir yandan e\u011fitim hayat\u0131n\u0131 s\u00fcrd\u00fcr\u00fcp di\u011fer yandan da yakla\u015f\u0131k 300 d\u00f6n\u00fcm arazi i\u015fleyen Muhammet Efe, gelecekteki hayalinin bilin\u00e7li \u00e7ift\u00e7i olmak oldu\u011funu s\u00f6yledi.<\/p>\n<p>Bu y\u0131l etkili olan kurakl\u0131k ve Menderes Nehri\u2019nin art\u0131k eskisi gibi su ta\u015f\u0131yamamas\u0131ndan dolay\u0131 m\u0131s\u0131r \u00fcretiminde yo\u011funla\u015ft\u0131klar\u0131n\u0131 belirten Muhammet Efe \u00c7elik, geli\u015fen teknoloji ile art\u0131k \u00e7ift\u00e7ili\u011fin kas g\u00fcc\u00fcnden ziyade azim ve uykudan feragat edilerek yap\u0131ld\u0131\u011f\u0131n\u0131 belirtti. Ayd\u0131n ovas\u0131ndan trakt\u00f6r kullanmay\u0131 bilen, topra\u011f\u0131n ve \u00fcr\u00fcnlerin dilinden anlayan herkesin \u00e7ift\u00e7ilik yapabilece\u011fini belirten \u00c7elik, &#8220;\u0130ncirliova 50. Y\u0131l Ortaokulu\u2019nda okuyorum. Pek \u00e7ok ya\u015f\u0131t\u0131m okuldan geri kalan zamanlarda bilgisayarda oyun oynayarak veya sanal olarak yar\u0131\u015f arabas\u0131 kullanarak e\u011flenip dinleniyor. Ben ise tarlaya gelip trakt\u00f6rle \u00e7ift s\u00fcrerek dinlenip e\u011fleniyorum. \u00d6nceleri pamuk \u00fcretirdik bu y\u0131l kurakl\u0131k nedeniyle m\u0131s\u0131r \u00fcretece\u011fiz. Tar\u0131m i\u015finde ya b\u00fcy\u00fcklerimden g\u00f6rd\u00fcklerimi uygulayarak ya da \u00fcr\u00fcnde marazi bir durum g\u00f6rd\u00fc\u011f\u00fcmde internetten ve ziraat ile ilgili kurumlardan bilgi alarak m\u00fcdahale ediyorum. \u015eu anda kendim yakla\u015f\u0131k 300 d\u00f6n\u00fcm arazi i\u015fliyorum. Bu i\u015fi yaparken okulumu ve derslerimi de aksatmamaya \u00e7al\u0131\u015f\u0131yorum. \u00c7ift\u00e7ilik bana g\u00f6re g\u00fczel bir u\u011fra\u015f. \u00c7\u00fcnk\u00fc \u00f6n\u00fcm\u00fczdeki y\u0131llarda d\u00fcnyan\u0131n en kutsal i\u015finin \u00e7ift\u00e7ilik ve \u00f6zellikle g\u0131da \u00fcretmek olaca\u011f\u0131na inan\u0131yorum&#8221; diye konu\u015ftu.<br \/><\/p>\n","protected":false},"excerpt":{"rendered":"<p>Ayd\u0131n\u2019\u0131n \u0130ncirliova \u0130l\u00e7esi 50. Y\u0131l ortaokulunda okuyan 14 ya\u015f\u0131ndaki Muhammet Efe \u00c7elik, hem okul derslerinde hem de baba mesle\u011fi \u00e7ift\u00e7ilikte azmi ve \u00e7al\u0131\u015fkanl\u0131\u011f\u0131 g\u00f6renlerin takdirini topluyor. Bir yandan e\u011fitim hayat\u0131n\u0131 s\u00fcrd\u00fcr\u00fcp di\u011fer yandan da yakla\u015f\u0131k 300 d\u00f6n\u00fcm arazi i\u015fleyen Muhammet Efe, gelecekteki hayalinin bilin\u00e7li \u00e7ift\u00e7i olmak oldu\u011funu s\u00f6yledi. Bu y\u0131l etkili olan kurakl\u0131k ve Menderes&#8230;<\/p>\n","protected":false},"author":1,"featured_media":34518,"comment_status":"open","ping_status":"open","sticky":false,"template":"","format":"standard","meta":{"_crdt_document":"","footnotes":""},"categories":[123],"tags":[],"class_list":["post-34517","post","type-post","status-publish","format-standard","has-post-thumbnail","hentry","category-gundem"],"_links":{"self":[{"href":"https:\/\/www.egemtv.com\/index.php?rest_route=\/wp\/v2\/posts\/34517","targetHints":{"allow":["GET"]}}],"collection":[{"href":"https:\/\/www.egemtv.com\/index.php?rest_route=\/wp\/v2\/posts"}],"about":[{"href":"https:\/\/www.egemtv.com\/index.php?rest_route=\/wp\/v2\/types\/post"}],"author":[{"embeddable":true,"href":"https:\/\/www.egemtv.com\/index.php?rest_route=\/wp\/v2\/users\/1"}],"replies":[{"embeddable":true,"href":"https:\/\/www.egemtv.com\/index.php?rest_route=%2Fwp%2Fv2%2Fcomments&post=34517"}],"version-history":[{"count":1,"href":"https:\/\/www.egemtv.com\/index.php?rest_route=\/wp\/v2\/posts\/34517\/revisions"}],"predecessor-version":[{"id":34519,"href":"https:\/\/www.egemtv.com\/index.php?rest_route=\/wp\/v2\/posts\/34517\/revisions\/34519"}],"wp:featuredmedia":[{"embeddable":true,"href":"https:\/\/www.egemtv.com\/index.php?rest_route=\/wp\/v2\/media\/34518"}],"wp:attachment":[{"href":"https:\/\/www.egemtv.com\/index.php?rest_route=%2Fwp%2Fv2%2Fmedia&parent=34517"}],"wp:term":[{"taxonomy":"category","embeddable":true,"href":"https:\/\/www.egemtv.com\/index.php?rest_route=%2Fwp%2Fv2%2Fcategories&post=34517"},{"taxonomy":"post_tag","embeddable":true,"href":"https:\/\/www.egemtv.com\/index.php?rest_route=%2Fwp%2Fv2%2Ftags&post=34517"}],"curies":[{"name":"wp","href":"https:\/\/api.w.org\/{rel}","templated":true}]}}