{"id":34514,"date":"2025-06-12T12:56:51","date_gmt":"2025-06-12T09:56:51","guid":{"rendered":"https:\/\/www.egemtv.com\/?p=34514"},"modified":"2025-06-12T12:56:56","modified_gmt":"2025-06-12T09:56:56","slug":"kosklu-vatandaslardan-kaldirim-tepkisi","status":"publish","type":"post","link":"https:\/\/www.egemtv.com\/?p=34514","title":{"rendered":"K\u00f6\u015fkl\u00fc vatanda\u015flardan \u2019kald\u0131r\u0131m\u2019 tepkisi"},"content":{"rendered":"<p>Ayd\u0131n\u2019\u0131n K\u00f6\u015fk il\u00e7esindeki cadde ve sokaklarda kald\u0131r\u0131m olmamas\u0131 vatanda\u015flar\u0131n can g\u00fcvenli\u011fini tehlikeye sokuyor. Vatanda\u015flar K\u00f6\u015fk Belediyesi\u2019nden sorunun \u00e7\u00f6z\u00fcm\u00fc i\u00e7in yard\u0131m beklediklerini ifade etti.<\/p>\n<p>\u0130l\u00e7ede kald\u0131r\u0131m olmamas\u0131 nedeniyle yaya ve ara\u00e7lar\u0131n ayn\u0131 yerde ilerlemek zorunda kald\u0131\u011f\u0131n\u0131 belirten vatanda\u015flar, &#8220;\u0130l\u00e7enin ad\u0131 K\u00f6\u015fk, ancak ilin neredeyse en d\u00fczensiz \u015fehri. Merkezde hi\u00e7 kald\u0131r\u0131m yok. D\u00fckkanlar\u0131n \u00f6n\u00fc de tamamen dolu. Bu vatanda\u015f nerede y\u00fcr\u00fcyecek d\u00fc\u015f\u00fcnen yok. Vatanda\u015f\u0131n y\u00fcr\u00fcmesi gereken yerlerde ara\u00e7lar park ediyor. Yolun ortas\u0131n\u0131 da ara\u00e7lar kullan\u0131yor. \u00d6zellikle \u00e7ocuklar ve \u00e7ocu\u011fu ile d\u0131\u015far\u0131 \u00e7\u0131kan kad\u0131nlar ciddi s\u0131k\u0131nt\u0131 ya\u015f\u0131yor. K\u00f6\u015fk\u2019\u00fc y\u00f6neten Belediye Ba\u015fkan\u0131 K\u00f6\u015fkl\u00fc olmad\u0131\u011f\u0131 i\u00e7in san\u0131r\u0131m vatanda\u015f\u0131n sorununu g\u00f6remiyor. \u00d6zellikle i\u015flek olan cadde ve sokaklara bir an \u00f6nce kald\u0131r\u0131m yap\u0131lmas\u0131n\u0131 istiyoruz&#8221; diye konu\u015ftular.<br \/><\/p>\n","protected":false},"excerpt":{"rendered":"<p>Ayd\u0131n\u2019\u0131n K\u00f6\u015fk il\u00e7esindeki cadde ve sokaklarda kald\u0131r\u0131m olmamas\u0131 vatanda\u015flar\u0131n can g\u00fcvenli\u011fini tehlikeye sokuyor. Vatanda\u015flar K\u00f6\u015fk Belediyesi\u2019nden sorunun \u00e7\u00f6z\u00fcm\u00fc i\u00e7in yard\u0131m beklediklerini ifade etti. \u0130l\u00e7ede kald\u0131r\u0131m olmamas\u0131 nedeniyle yaya ve ara\u00e7lar\u0131n ayn\u0131 yerde ilerlemek zorunda kald\u0131\u011f\u0131n\u0131 belirten vatanda\u015flar, &#8220;\u0130l\u00e7enin ad\u0131 K\u00f6\u015fk, ancak ilin neredeyse en d\u00fczensiz \u015fehri. Merkezde hi\u00e7 kald\u0131r\u0131m yok. D\u00fckkanlar\u0131n \u00f6n\u00fc de tamamen dolu&#8230;.<\/p>\n","protected":false},"author":1,"featured_media":34515,"comment_status":"open","ping_status":"open","sticky":false,"template":"","format":"standard","meta":{"_crdt_document":"","footnotes":""},"categories":[1],"tags":[],"class_list":["post-34514","post","type-post","status-publish","format-standard","has-post-thumbnail","hentry","category-guncel"],"_links":{"self":[{"href":"https:\/\/www.egemtv.com\/index.php?rest_route=\/wp\/v2\/posts\/34514","targetHints":{"allow":["GET"]}}],"collection":[{"href":"https:\/\/www.egemtv.com\/index.php?rest_route=\/wp\/v2\/posts"}],"about":[{"href":"https:\/\/www.egemtv.com\/index.php?rest_route=\/wp\/v2\/types\/post"}],"author":[{"embeddable":true,"href":"https:\/\/www.egemtv.com\/index.php?rest_route=\/wp\/v2\/users\/1"}],"replies":[{"embeddable":true,"href":"https:\/\/www.egemtv.com\/index.php?rest_route=%2Fwp%2Fv2%2Fcomments&post=34514"}],"version-history":[{"count":1,"href":"https:\/\/www.egemtv.com\/index.php?rest_route=\/wp\/v2\/posts\/34514\/revisions"}],"predecessor-version":[{"id":34516,"href":"https:\/\/www.egemtv.com\/index.php?rest_route=\/wp\/v2\/posts\/34514\/revisions\/34516"}],"wp:featuredmedia":[{"embeddable":true,"href":"https:\/\/www.egemtv.com\/index.php?rest_route=\/wp\/v2\/media\/34515"}],"wp:attachment":[{"href":"https:\/\/www.egemtv.com\/index.php?rest_route=%2Fwp%2Fv2%2Fmedia&parent=34514"}],"wp:term":[{"taxonomy":"category","embeddable":true,"href":"https:\/\/www.egemtv.com\/index.php?rest_route=%2Fwp%2Fv2%2Fcategories&post=34514"},{"taxonomy":"post_tag","embeddable":true,"href":"https:\/\/www.egemtv.com\/index.php?rest_route=%2Fwp%2Fv2%2Ftags&post=34514"}],"curies":[{"name":"wp","href":"https:\/\/api.w.org\/{rel}","templated":true}]}}