{"id":34511,"date":"2025-06-12T12:56:45","date_gmt":"2025-06-12T09:56:45","guid":{"rendered":"https:\/\/www.egemtv.com\/?p=34511"},"modified":"2025-06-12T12:56:51","modified_gmt":"2025-06-12T09:56:51","slug":"izmirde-kamyonet-iki-motosikletliye-carpti-1-olu","status":"publish","type":"post","link":"https:\/\/www.egemtv.com\/?p=34511","title":{"rendered":"\u0130zmir\u2019de kamyonet iki motosikletliye \u00e7arpt\u0131: 1 \u00f6l\u00fc"},"content":{"rendered":"<p>\u0130zmir\u2019in Tire il\u00e7esinde kamyonet ile 2 motosikletin kar\u0131\u015ft\u0131\u011f\u0131 kazada, 1 ki\u015fi hayat\u0131n\u0131 kaybetti.<br \/>\n<br \/>Kaza, saat 08.30 s\u0131ralar\u0131nda Tire-Torbal\u0131 karayolu mevkiinde meydana geldi. Edinilen bilgiye g\u00f6re, seyir halinde olan M.K. (41) y\u00f6netimindeki 45 EC 812 plakal\u0131 kamyonet, iddiaya g\u00f6re \u015ferit ihlali yaparak kar\u015f\u0131 \u015feritten gelen Mustafa H\u00fcseyin Bar\u0131\u015f (34) idaresindeki 35 AVS 465 plakal\u0131 motosiklet ile arkada\u015f\u0131 T.E. (39) kontrol\u00fcndeki 35 AVS 465 plakal\u0131 motosiklete \u00e7arpt\u0131. Kazan\u0131n etkisiyle motosiklet s\u00fcr\u00fcc\u00fcleri yolun kenar\u0131ndaki araziye savruldu. \u00c7evredeki vatanda\u015flar\u0131n ihbar\u0131yla b\u00f6lgeye polis ve sa\u011fl\u0131k ekipleri sevk edildi. Sa\u011fl\u0131k ekiplerince yap\u0131lan kontrolde Mustafa H\u00fcseyin Bar\u0131\u015f\u2019\u0131n olay yerinde hayat\u0131n\u0131 kaybetti\u011fi belirlendi. Kazada yaralanan T.E. ise ambulansla hastaneye sevk edildi. Kazada hayat\u0131n\u0131 kaybeden motosiklet s\u00fcr\u00fcc\u00fcs\u00fcn\u00fcn cans\u0131z bedeni Adli T\u0131p Kurumu Morgu\u2019na kald\u0131r\u0131l\u0131rken kamyonet s\u00fcr\u00fcc\u00fcs\u00fc polise ekiplerince g\u00f6zalt\u0131na al\u0131nd\u0131. Kazayla ilgili ba\u015flat\u0131lan soru\u015fturman\u0131n s\u00fcrd\u00fc\u011f\u00fc \u00f6\u011frenildi.<br \/><\/p>\n","protected":false},"excerpt":{"rendered":"<p>\u0130zmir\u2019in Tire il\u00e7esinde kamyonet ile 2 motosikletin kar\u0131\u015ft\u0131\u011f\u0131 kazada, 1 ki\u015fi hayat\u0131n\u0131 kaybetti. Kaza, saat 08.30 s\u0131ralar\u0131nda Tire-Torbal\u0131 karayolu mevkiinde meydana geldi. Edinilen bilgiye g\u00f6re, seyir halinde olan M.K. (41) y\u00f6netimindeki 45 EC 812 plakal\u0131 kamyonet, iddiaya g\u00f6re \u015ferit ihlali yaparak kar\u015f\u0131 \u015feritten gelen Mustafa H\u00fcseyin Bar\u0131\u015f (34) idaresindeki 35 AVS 465 plakal\u0131 motosiklet ile&#8230;<\/p>\n","protected":false},"author":1,"featured_media":34512,"comment_status":"open","ping_status":"open","sticky":false,"template":"","format":"standard","meta":{"_crdt_document":"","footnotes":""},"categories":[5],"tags":[],"class_list":["post-34511","post","type-post","status-publish","format-standard","has-post-thumbnail","hentry","category-asayis"],"_links":{"self":[{"href":"https:\/\/www.egemtv.com\/index.php?rest_route=\/wp\/v2\/posts\/34511","targetHints":{"allow":["GET"]}}],"collection":[{"href":"https:\/\/www.egemtv.com\/index.php?rest_route=\/wp\/v2\/posts"}],"about":[{"href":"https:\/\/www.egemtv.com\/index.php?rest_route=\/wp\/v2\/types\/post"}],"author":[{"embeddable":true,"href":"https:\/\/www.egemtv.com\/index.php?rest_route=\/wp\/v2\/users\/1"}],"replies":[{"embeddable":true,"href":"https:\/\/www.egemtv.com\/index.php?rest_route=%2Fwp%2Fv2%2Fcomments&post=34511"}],"version-history":[{"count":1,"href":"https:\/\/www.egemtv.com\/index.php?rest_route=\/wp\/v2\/posts\/34511\/revisions"}],"predecessor-version":[{"id":34513,"href":"https:\/\/www.egemtv.com\/index.php?rest_route=\/wp\/v2\/posts\/34511\/revisions\/34513"}],"wp:featuredmedia":[{"embeddable":true,"href":"https:\/\/www.egemtv.com\/index.php?rest_route=\/wp\/v2\/media\/34512"}],"wp:attachment":[{"href":"https:\/\/www.egemtv.com\/index.php?rest_route=%2Fwp%2Fv2%2Fmedia&parent=34511"}],"wp:term":[{"taxonomy":"category","embeddable":true,"href":"https:\/\/www.egemtv.com\/index.php?rest_route=%2Fwp%2Fv2%2Fcategories&post=34511"},{"taxonomy":"post_tag","embeddable":true,"href":"https:\/\/www.egemtv.com\/index.php?rest_route=%2Fwp%2Fv2%2Ftags&post=34511"}],"curies":[{"name":"wp","href":"https:\/\/api.w.org\/{rel}","templated":true}]}}