{"id":34508,"date":"2025-06-12T12:36:00","date_gmt":"2025-06-12T09:36:00","guid":{"rendered":"https:\/\/www.egemtv.com\/?p=34508"},"modified":"2025-06-12T12:36:05","modified_gmt":"2025-06-12T09:36:05","slug":"sokesporda-beklenen-genel-kurul-28-haziranda","status":"publish","type":"post","link":"https:\/\/www.egemtv.com\/?p=34508","title":{"rendered":"S\u00f6kespor\u2019da beklenen genel kurul 28 Haziran\u2019da"},"content":{"rendered":"<p>S\u00f6kespor Kul\u00fcb\u00fc\u2019n\u00fcn Ola\u011fan Genel Kurulu, 28 Haziran 2025 Cumartesi g\u00fcn\u00fc ger\u00e7ekle\u015ftirilecek. Kul\u00fcp tesislerinde yap\u0131lacak olan genel kurul toplant\u0131s\u0131 saat 14.00\u2019te ba\u015flayacak.<\/p>\n<p>Genel kurulda, S\u00f6kespor\u2019un yeni ba\u015fkan\u0131 ve y\u00f6netim kurulu belirlenecek. Kul\u00fcp Ba\u015fkan\u0131 Sadi Belek, yapt\u0131\u011f\u0131 a\u00e7\u0131klamada t\u00fcm \u00fcyelere \u00e7a\u011fr\u0131da bulunarak, S\u00f6kespor\u2019un gelece\u011fi a\u00e7\u0131s\u0131ndan b\u00fcy\u00fck \u00f6nem ta\u015f\u0131yan bu toplant\u0131ya kat\u0131l\u0131m \u00e7a\u011fr\u0131s\u0131nda bulundu. S\u00f6kespor camias\u0131n\u0131n merakla bekledi\u011fi genel kurulun, kul\u00fcb\u00fcn yeni d\u00f6nemde izleyece\u011fi yol haritas\u0131 a\u00e7\u0131s\u0131ndan belirleyici olmas\u0131 bekleniyor.<br \/><\/p>\n","protected":false},"excerpt":{"rendered":"<p>S\u00f6kespor Kul\u00fcb\u00fc\u2019n\u00fcn Ola\u011fan Genel Kurulu, 28 Haziran 2025 Cumartesi g\u00fcn\u00fc ger\u00e7ekle\u015ftirilecek. Kul\u00fcp tesislerinde yap\u0131lacak olan genel kurul toplant\u0131s\u0131 saat 14.00\u2019te ba\u015flayacak. Genel kurulda, S\u00f6kespor\u2019un yeni ba\u015fkan\u0131 ve y\u00f6netim kurulu belirlenecek. Kul\u00fcp Ba\u015fkan\u0131 Sadi Belek, yapt\u0131\u011f\u0131 a\u00e7\u0131klamada t\u00fcm \u00fcyelere \u00e7a\u011fr\u0131da bulunarak, S\u00f6kespor\u2019un gelece\u011fi a\u00e7\u0131s\u0131ndan b\u00fcy\u00fck \u00f6nem ta\u015f\u0131yan bu toplant\u0131ya kat\u0131l\u0131m \u00e7a\u011fr\u0131s\u0131nda bulundu. S\u00f6kespor camias\u0131n\u0131n merakla bekledi\u011fi&#8230;<\/p>\n","protected":false},"author":1,"featured_media":34509,"comment_status":"open","ping_status":"open","sticky":false,"template":"","format":"standard","meta":{"_crdt_document":"","footnotes":""},"categories":[4],"tags":[],"class_list":["post-34508","post","type-post","status-publish","format-standard","has-post-thumbnail","hentry","category-spor"],"_links":{"self":[{"href":"https:\/\/www.egemtv.com\/index.php?rest_route=\/wp\/v2\/posts\/34508","targetHints":{"allow":["GET"]}}],"collection":[{"href":"https:\/\/www.egemtv.com\/index.php?rest_route=\/wp\/v2\/posts"}],"about":[{"href":"https:\/\/www.egemtv.com\/index.php?rest_route=\/wp\/v2\/types\/post"}],"author":[{"embeddable":true,"href":"https:\/\/www.egemtv.com\/index.php?rest_route=\/wp\/v2\/users\/1"}],"replies":[{"embeddable":true,"href":"https:\/\/www.egemtv.com\/index.php?rest_route=%2Fwp%2Fv2%2Fcomments&post=34508"}],"version-history":[{"count":1,"href":"https:\/\/www.egemtv.com\/index.php?rest_route=\/wp\/v2\/posts\/34508\/revisions"}],"predecessor-version":[{"id":34510,"href":"https:\/\/www.egemtv.com\/index.php?rest_route=\/wp\/v2\/posts\/34508\/revisions\/34510"}],"wp:featuredmedia":[{"embeddable":true,"href":"https:\/\/www.egemtv.com\/index.php?rest_route=\/wp\/v2\/media\/34509"}],"wp:attachment":[{"href":"https:\/\/www.egemtv.com\/index.php?rest_route=%2Fwp%2Fv2%2Fmedia&parent=34508"}],"wp:term":[{"taxonomy":"category","embeddable":true,"href":"https:\/\/www.egemtv.com\/index.php?rest_route=%2Fwp%2Fv2%2Fcategories&post=34508"},{"taxonomy":"post_tag","embeddable":true,"href":"https:\/\/www.egemtv.com\/index.php?rest_route=%2Fwp%2Fv2%2Ftags&post=34508"}],"curies":[{"name":"wp","href":"https:\/\/api.w.org\/{rel}","templated":true}]}}