{"id":34505,"date":"2025-06-12T12:35:53","date_gmt":"2025-06-12T09:35:53","guid":{"rendered":"https:\/\/www.egemtv.com\/?p=34505"},"modified":"2025-06-12T12:36:00","modified_gmt":"2025-06-12T09:36:00","slug":"soke-taris-pamuk-kooperatifi-baskani-ismail-ozerden-zimmet-iddialarina-sert-tepki","status":"publish","type":"post","link":"https:\/\/www.egemtv.com\/?p=34505","title":{"rendered":"S\u00f6ke Tari\u015f Pamuk Kooperatifi Ba\u015fkan\u0131 \u0130smail \u00d6zer\u2019den zimmet iddialar\u0131na sert tepki"},"content":{"rendered":"<p>S\u00f6ke Tari\u015f Pamuk Kooperatifi Ba\u015fkan\u0131 \u0130smail \u00d6zer, son g\u00fcnlerde ulusal ve yerel bas\u0131nda yer alan Pamuk Birli\u011fi\u2019ne y\u00f6nelik zimmet iddialar\u0131na ili\u015fkin a\u00e7\u0131klamalarda bulundu. \u0130zmir Cumhuriyet Ba\u015fsavc\u0131l\u0131\u011f\u0131 taraf\u0131ndan, Tari\u015f Pamuk Birli\u011fi Y\u00f6netim Kurulu Ba\u015fkan\u0131 Faruk Ayd\u0131n ve Genel M\u00fcd\u00fcr\u00fc \u0130smail Peker hakk\u0131nda soru\u015fturma y\u00fcr\u00fct\u00fcld\u00fc\u011f\u00fcn\u00fc \u00fcz\u00fcnt\u00fcyle \u00f6\u011frendiklerini ifade eden \u00d6zer, iddialar\u0131n kooperatifleri ve \u00fcreticileri derinden yaralad\u0131\u011f\u0131n\u0131 s\u00f6yledi.<br \/>\n<br \/>&#8220;Bu iddialar en \u00e7ok bizi \u00fcz\u00fcyor&#8221;<br \/>\n<br \/>Tari\u015f Pamuk Birli\u011fi ve kooperatiflerin \u00fcreticilerin eme\u011fine katma de\u011fer sa\u011flamak i\u00e7in var oldu\u011funu vurgulayan \u00d6zer, &#8220;Amac\u0131m\u0131z ortaklar\u0131m\u0131za katk\u0131 sa\u011flamak, \u00fcretimlerine destek olmak. Ancak birli\u011fimizin bu t\u00fcr iddialarla an\u0131lmas\u0131 en \u00e7ok bizleri ve \u00fcreticilerimizi \u00fczmektedir&#8221; dedi.<br \/>\n<br \/>&#8220;57 Milyonluk avans skandal\u0131&#8221;<br \/>\n<br \/>A\u00e7\u0131klamas\u0131nda g\u00fcndemdeki \u00e7arp\u0131c\u0131 iddialara da de\u011finen S\u00f6ke Pamuk Kooperatifi Ba\u015fkan\u0131 \u0130smail \u00d6zer, il\u00e7ede faaliyet g\u00f6steren bir ticari firmaya sadece 1,5 ay i\u00e7inde 57 milyon liray\u0131 a\u015fan miktarda avans verildi\u011fi iddialar\u0131na sert tepki g\u00f6sterdi. \u00d6zer, &#8220;Bizler en b\u00fcy\u00fck b\u00fct\u00e7eli kooperatifler dahi olsak bug\u00fcne kadar birli\u011fimizden bu tutarlarda bir avans alma imkan\u0131m\u0131z olmam\u0131\u015ft\u0131r. Kald\u0131 ki, kurulu\u015f sermayesi 5 milyon lira olan ve bu \u015fartlar\u0131 dahi yerine getirmeyen bir firmaya k\u0131sa s\u00fcrede b\u00f6yle bir \u00f6deme yap\u0131lmas\u0131 kabul edilemez&#8221; dedi.<br \/>\n<br \/>&#8220;Pamuk piyasas\u0131nda b\u00f6yle bir \u00f6deme g\u00f6r\u00fclmedi&#8221;<br \/>\n<br \/>Pamuk sekt\u00f6r\u00fcnde b\u00f6yle y\u00fcksek miktarda bir avans verilmesinin g\u00f6r\u00fclmemi\u015f bir uygulama oldu\u011funun alt\u0131n\u0131 \u00e7izen \u0130smail \u00d6zer, kooperatifler olarak avans uygulamalar\u0131n\u0131 dahi s\u0131k\u0131 teminat ve ipotek \u015fartlar\u0131yla y\u00fcr\u00fctt\u00fcklerini s\u00f6yleyerek &#8220;Bu kadar teminats\u0131z, ipoteksiz bir i\u015flem kabul edilemez. \u0130ddialar mutlaka titizlikle ara\u015ft\u0131r\u0131lmal\u0131&#8221; ifadelerini kulland\u0131.<br \/>\n<br \/>&#8220;S\u00fckut ikrardan gelir&#8221;<br \/>\n<br \/>S\u00f6ke Pamuk Kooperatifi Ba\u015fkan\u0131 \u0130smail \u00d6zer; Tari\u015f Pamuk Birli\u011fi Y\u00f6netim Kurulu Ba\u015fkan\u0131 Faruk Ayd\u0131n ve Genel M\u00fcd\u00fcr \u0130smail Peker\u2019e \u00e7a\u011fr\u0131da bulunarak, soru\u015fturma konusu olan avans i\u015flemiyle ilgili kamuoyunu ayd\u0131nlatmalar\u0131n\u0131 istedi. \u00d6zer, &#8220;Her ge\u00e7en g\u00fcn s\u00fcren suskunluk, ak\u0131llarda iddialar\u0131n ger\u00e7ek olabilece\u011fi y\u00f6n\u00fcnde soru i\u015faretleri do\u011furuyor. \u2018S\u00fckut ikrardan gelir\u2019 atas\u00f6z\u00fcnde oldu\u011fu gibi sessizlik \u015f\u00fcpheleri art\u0131r\u0131yor. Biz kooperatifler olarak bu s\u00fcreci dikkatle takip ediyoruz&#8221; ifadelerini kulland\u0131.<br \/>\n<br \/>S\u00f6ke Tari\u015f Pamuk Kooperatifi Ba\u015fkan\u0131 \u0130smail \u00d6zer, konuyla ilgili yap\u0131lacak resmi a\u00e7\u0131klamalar\u0131 beklediklerini belirterek, kamuoyunun da bu s\u00fcreci dikkatle izlemesini istedi.<br \/><\/p>\n","protected":false},"excerpt":{"rendered":"<p>S\u00f6ke Tari\u015f Pamuk Kooperatifi Ba\u015fkan\u0131 \u0130smail \u00d6zer, son g\u00fcnlerde ulusal ve yerel bas\u0131nda yer alan Pamuk Birli\u011fi\u2019ne y\u00f6nelik zimmet iddialar\u0131na ili\u015fkin a\u00e7\u0131klamalarda bulundu. \u0130zmir Cumhuriyet Ba\u015fsavc\u0131l\u0131\u011f\u0131 taraf\u0131ndan, Tari\u015f Pamuk Birli\u011fi Y\u00f6netim Kurulu Ba\u015fkan\u0131 Faruk Ayd\u0131n ve Genel M\u00fcd\u00fcr\u00fc \u0130smail Peker hakk\u0131nda soru\u015fturma y\u00fcr\u00fct\u00fcld\u00fc\u011f\u00fcn\u00fc \u00fcz\u00fcnt\u00fcyle \u00f6\u011frendiklerini ifade eden \u00d6zer, iddialar\u0131n kooperatifleri ve \u00fcreticileri derinden yaralad\u0131\u011f\u0131n\u0131 s\u00f6yledi&#8230;.<\/p>\n","protected":false},"author":1,"featured_media":34506,"comment_status":"open","ping_status":"open","sticky":false,"template":"","format":"standard","meta":{"_crdt_document":"","footnotes":""},"categories":[125],"tags":[],"class_list":["post-34505","post","type-post","status-publish","format-standard","has-post-thumbnail","hentry","category-ekonomi"],"_links":{"self":[{"href":"https:\/\/www.egemtv.com\/index.php?rest_route=\/wp\/v2\/posts\/34505","targetHints":{"allow":["GET"]}}],"collection":[{"href":"https:\/\/www.egemtv.com\/index.php?rest_route=\/wp\/v2\/posts"}],"about":[{"href":"https:\/\/www.egemtv.com\/index.php?rest_route=\/wp\/v2\/types\/post"}],"author":[{"embeddable":true,"href":"https:\/\/www.egemtv.com\/index.php?rest_route=\/wp\/v2\/users\/1"}],"replies":[{"embeddable":true,"href":"https:\/\/www.egemtv.com\/index.php?rest_route=%2Fwp%2Fv2%2Fcomments&post=34505"}],"version-history":[{"count":1,"href":"https:\/\/www.egemtv.com\/index.php?rest_route=\/wp\/v2\/posts\/34505\/revisions"}],"predecessor-version":[{"id":34507,"href":"https:\/\/www.egemtv.com\/index.php?rest_route=\/wp\/v2\/posts\/34505\/revisions\/34507"}],"wp:featuredmedia":[{"embeddable":true,"href":"https:\/\/www.egemtv.com\/index.php?rest_route=\/wp\/v2\/media\/34506"}],"wp:attachment":[{"href":"https:\/\/www.egemtv.com\/index.php?rest_route=%2Fwp%2Fv2%2Fmedia&parent=34505"}],"wp:term":[{"taxonomy":"category","embeddable":true,"href":"https:\/\/www.egemtv.com\/index.php?rest_route=%2Fwp%2Fv2%2Fcategories&post=34505"},{"taxonomy":"post_tag","embeddable":true,"href":"https:\/\/www.egemtv.com\/index.php?rest_route=%2Fwp%2Fv2%2Ftags&post=34505"}],"curies":[{"name":"wp","href":"https:\/\/api.w.org\/{rel}","templated":true}]}}