{"id":34502,"date":"2025-06-12T12:16:37","date_gmt":"2025-06-12T09:16:37","guid":{"rendered":"https:\/\/www.egemtv.com\/?p=34502"},"modified":"2025-06-12T12:16:42","modified_gmt":"2025-06-12T09:16:42","slug":"aydinda-taskinlara-karsi-isbirliginin-onemine-dikkat-cekildi","status":"publish","type":"post","link":"https:\/\/www.egemtv.com\/?p=34502","title":{"rendered":"Ayd\u0131n\u2019da ta\u015fk\u0131nlara kar\u015f\u0131 i\u015fbirli\u011finin \u00f6nemine dikkat \u00e7ekildi"},"content":{"rendered":"<p>Ayd\u0131n Valisi Yakup Canbolat ba\u015fkanl\u0131\u011f\u0131nda Ayd\u0131n \u0130li Ta\u015fk\u0131n Koordinasyon Toplant\u0131s\u0131 d\u00fczenlendi. DS\u0130 B\u00f6lge M\u00fcd\u00fcrl\u00fc\u011f\u00fc Toplant\u0131 Salonu\u2019nda ger\u00e7ekle\u015ftirilen toplant\u0131da, kurumlar aras\u0131 i\u015fbirli\u011finin \u00f6nemine dikkat \u00e7ekildi.<\/p>\n<p>Ta\u015fk\u0131nlar t\u00fcm d\u00fcnyada oldu\u011fu gibi T\u00fcrkiye\u2019de de her y\u0131l b\u00fcy\u00fck ekonomik zarara ve can kay\u0131plar\u0131na sebep olan do\u011fal afetlerden biri olarak dikkat \u00e7ekerken Afet ve Acil Durum Y\u00f6netimi Ba\u015fkanl\u0131\u011f\u0131 verilerine g\u00f6re T\u00fcrkiye\u2019de depremlerden sonra en b\u00fcy\u00fck can kayb\u0131 ve ekonomik zarar ta\u015fk\u0131nlardan kaynaklan\u0131yor. Bu \u00e7er\u00e7evede Ayd\u0131n Valisi Yakup Canbolat ba\u015fkanl\u0131\u011f\u0131nda Ayd\u0131n \u0130li Ta\u015fk\u0131n Koordinasyon Toplant\u0131s\u0131 ger\u00e7ekle\u015ftirildi. Ta\u015fk\u0131n konusunun ana g\u00fcndem maddesi oldu\u011fu toplant\u0131da, ta\u015fk\u0131n y\u00f6netimi s\u00fcrecinde yer alan kurum ve kurulu\u015flar\u0131n koordinasyonu, i\u015fbirli\u011finin sa\u011flanmas\u0131, al\u0131nan kararlar\u0131n uygulanmas\u0131 ve s\u00fcrecin takibinin ger\u00e7ekle\u015ftirilebilmesi gibi konular g\u00f6r\u00fc\u015f\u00fcld\u00fc. \u0130lgili kurum ve kurulu\u015flar\u0131n temsilcilerinin kat\u0131ld\u0131\u011f\u0131 toplant\u0131da il genelinde al\u0131nacak \u00f6nlemler ve yap\u0131lmas\u0131 gereken \u00e7al\u0131\u015fmalar hakk\u0131nda bilgi al\u0131\u015fveri\u015finde bulunuldu.<br \/><\/p>\n","protected":false},"excerpt":{"rendered":"<p>Ayd\u0131n Valisi Yakup Canbolat ba\u015fkanl\u0131\u011f\u0131nda Ayd\u0131n \u0130li Ta\u015fk\u0131n Koordinasyon Toplant\u0131s\u0131 d\u00fczenlendi. DS\u0130 B\u00f6lge M\u00fcd\u00fcrl\u00fc\u011f\u00fc Toplant\u0131 Salonu\u2019nda ger\u00e7ekle\u015ftirilen toplant\u0131da, kurumlar aras\u0131 i\u015fbirli\u011finin \u00f6nemine dikkat \u00e7ekildi. Ta\u015fk\u0131nlar t\u00fcm d\u00fcnyada oldu\u011fu gibi T\u00fcrkiye\u2019de de her y\u0131l b\u00fcy\u00fck ekonomik zarara ve can kay\u0131plar\u0131na sebep olan do\u011fal afetlerden biri olarak dikkat \u00e7ekerken Afet ve Acil Durum Y\u00f6netimi Ba\u015fkanl\u0131\u011f\u0131 verilerine g\u00f6re&#8230;<\/p>\n","protected":false},"author":1,"featured_media":34503,"comment_status":"open","ping_status":"open","sticky":false,"template":"","format":"standard","meta":{"_crdt_document":"","footnotes":""},"categories":[1],"tags":[],"class_list":["post-34502","post","type-post","status-publish","format-standard","has-post-thumbnail","hentry","category-guncel"],"_links":{"self":[{"href":"https:\/\/www.egemtv.com\/index.php?rest_route=\/wp\/v2\/posts\/34502","targetHints":{"allow":["GET"]}}],"collection":[{"href":"https:\/\/www.egemtv.com\/index.php?rest_route=\/wp\/v2\/posts"}],"about":[{"href":"https:\/\/www.egemtv.com\/index.php?rest_route=\/wp\/v2\/types\/post"}],"author":[{"embeddable":true,"href":"https:\/\/www.egemtv.com\/index.php?rest_route=\/wp\/v2\/users\/1"}],"replies":[{"embeddable":true,"href":"https:\/\/www.egemtv.com\/index.php?rest_route=%2Fwp%2Fv2%2Fcomments&post=34502"}],"version-history":[{"count":1,"href":"https:\/\/www.egemtv.com\/index.php?rest_route=\/wp\/v2\/posts\/34502\/revisions"}],"predecessor-version":[{"id":34504,"href":"https:\/\/www.egemtv.com\/index.php?rest_route=\/wp\/v2\/posts\/34502\/revisions\/34504"}],"wp:featuredmedia":[{"embeddable":true,"href":"https:\/\/www.egemtv.com\/index.php?rest_route=\/wp\/v2\/media\/34503"}],"wp:attachment":[{"href":"https:\/\/www.egemtv.com\/index.php?rest_route=%2Fwp%2Fv2%2Fmedia&parent=34502"}],"wp:term":[{"taxonomy":"category","embeddable":true,"href":"https:\/\/www.egemtv.com\/index.php?rest_route=%2Fwp%2Fv2%2Fcategories&post=34502"},{"taxonomy":"post_tag","embeddable":true,"href":"https:\/\/www.egemtv.com\/index.php?rest_route=%2Fwp%2Fv2%2Ftags&post=34502"}],"curies":[{"name":"wp","href":"https:\/\/api.w.org\/{rel}","templated":true}]}}