{"id":34499,"date":"2025-06-12T12:16:32","date_gmt":"2025-06-12T09:16:32","guid":{"rendered":"https:\/\/www.egemtv.com\/?p=34499"},"modified":"2025-06-12T12:16:37","modified_gmt":"2025-06-12T09:16:37","slug":"hayatin-anlami-kitap-sezon-finalini-yapti","status":"publish","type":"post","link":"https:\/\/www.egemtv.com\/?p=34499","title":{"rendered":"&#8220;Hayat\u0131n Anlam\u0131 Kitap&#8221; sezon finalini yapt\u0131"},"content":{"rendered":"<p>\u00d6\u011frencilere kitap okuma al\u0131\u015fkanl\u0131\u011f\u0131 kazand\u0131rmak amac\u0131yla \u00c7e\u015fme Kaymakaml\u0131\u011f\u0131 taraf\u0131ndan y\u00fcr\u00fct\u00fclen &#8220;Hayat\u0131n Anlam\u0131 Kitap&#8221; projesi, \u00fc\u00e7\u00fcnc\u00fc sezonunu g\u00f6rkemli bir etkinlikle tamamlad\u0131. Tarihi \u00c7e\u015fme Kalesi\u2019nde d\u00fczenlenen sezon finali, yo\u011fun kat\u0131l\u0131m ve co\u015fkulu anlara sahne oldu.<br \/>\n<br \/>&#8220;Hayat\u0131n Anlam\u0131 Kitap&#8221; projesi \u00c7e\u015fme Kaymakam\u0131 Mehmet Mara\u015fl\u0131\u2019n\u0131n \u00f6nc\u00fcl\u00fc\u011f\u00fcnde, Arzu G\u00fclery\u00fcz Mara\u015fl\u0131\u2019n\u0131n koordinat\u00f6rl\u00fc\u011f\u00fcnde y\u00fcr\u00fct\u00fcld\u00fc. 7 Mart 2023\u2019te ba\u015flayan proje, bu y\u0131l da y\u00fczlerce \u00f6\u011frenciye ve \u00f6\u011fretmene ula\u015farak okuma k\u00fclt\u00fcr\u00fcn\u00fc yayg\u0131nla\u015ft\u0131rmaya devam etti.<br \/>\n<br \/>Final program\u0131, Kaymakam Mehmet Mara\u015fl\u0131 ve e\u015fi, proje koordinat\u00f6r\u00fc Arzu G\u00fclery\u00fcz Mara\u015fl\u0131, \u0130l\u00e7e Emniyet M\u00fcd\u00fcr\u00fc Murat Dokumac\u0131, \u0130l\u00e7e Sahil G\u00fcvenlik Komutan\u0131 Binba\u015f\u0131 Ak\u0131n Satkan, \u0130l\u00e7e Jandarma Komutan\u0131 \u00dcste\u011fmen Yavuz Ya\u015far, \u0130l\u00e7e Milli E\u011fitim M\u00fcd\u00fcr\u00fc \u015eahan \u00c7\u00f6ker, siyasi parti ve STK temsilcileri, kurum amirleri, oda ba\u015fkanlar\u0131, \u00f6\u011fretmenler, \u00f6\u011frenciler ve sanat\u00e7\u0131lar\u0131n kat\u0131l\u0131m\u0131yla ger\u00e7ekle\u015fti.<br \/>\n<br \/>Sayg\u0131 duru\u015fu ve \u0130stiklal Mar\u015f\u0131 ile ba\u015flayan program\u0131n sunuculu\u011funu Belgin Taylan \u00fcstlendi. A\u00e7\u0131l\u0131\u015f konu\u015fmalar\u0131n\u0131 proje koordinat\u00f6r\u00fc Arzu G\u00fclery\u00fcz Mara\u015fl\u0131 ve \u00c7e\u015fme Kaymakam\u0131 Mehmet Mara\u015fl\u0131 yapt\u0131.<\/p>\n<p>Kaymakam Mara\u015fl\u0131: &#8220;Bu sadece bir kitap projesi de\u011fil; bir nesli in\u015fa etme \u00e7abas\u0131d\u0131r&#8221;<br \/>\n<br \/>\u00c7e\u015fme Kaymakam\u0131 Mehmet Mara\u015fl\u0131, konu\u015fmas\u0131nda projenin ta\u015f\u0131d\u0131\u011f\u0131 derin anlam\u0131 \u015fu s\u00f6zlerle ifade etti: &#8220;Yirmi y\u0131ll\u0131k m\u00fclki idare hayat\u0131m boyunca bir\u00e7ok projeye \u00f6nc\u00fcl\u00fck ettim, say\u0131s\u0131z etkinlikte yer ald\u0131m. Ancak i\u00e7tenlikle s\u00f6ylemek isterim ki, \u2018Hayat\u0131n Anlam\u0131 Kitap\u2019 projesi, benim i\u00e7in \u00e7ok \u00f6zel bir yere sahip. Bu proje, sadece kitap okumay\u0131 te\u015fvik etmekle kalm\u0131yor; \u00e7ocuklar\u0131m\u0131z\u0131n zihinsel, duygusal ve sosyal geli\u015fimine de do\u011frudan katk\u0131 sa\u011fl\u0131yor. Bug\u00fcn gen\u00e7 n\u00fcfusun azald\u0131\u011f\u0131, ekran ba\u011f\u0131ml\u0131l\u0131\u011f\u0131n\u0131n h\u0131zla artt\u0131\u011f\u0131 bir \u00e7a\u011fda ya\u015f\u0131yoruz. \u00c7ocuklar\u0131m\u0131z\u0131n dijital d\u00fcnyan\u0131n k\u00f6lesi de\u011fil, efendisi olabilmeleri i\u00e7in onlar\u0131 bilgiyle, k\u00fclt\u00fcrle ve kitaplarla donatmal\u0131y\u0131z. Kitap okumak, sadece bir al\u0131\u015fkanl\u0131k de\u011fil; ayn\u0131 zamanda karakter in\u015fas\u0131n\u0131n, ele\u015ftirel d\u00fc\u015f\u00fcnmenin ve kendini ifade edebilmenin temelidir. Projemiz kapsam\u0131nda sadece s\u0131n\u0131flarda de\u011fil, sahilde, tarihi mek\u00e2nlarda, parklarda ve m\u00fczelerde kitap okuma etkinlikleri d\u00fczenliyoruz. \u00c7\u00fcnk\u00fc kitap sadece k\u00fct\u00fcphanede okunmaz; hayat\u0131n her alan\u0131nda, her an\u0131nda yan\u0131m\u0131zda olmal\u0131. Bir Japon turistin Kapadokya\u2019da yaln\u0131z ba\u015f\u0131na yemek beklerken cebinden kitap \u00e7\u0131kar\u0131p okudu\u011funu g\u00f6rd\u00fc\u011f\u00fcm an\u0131 hi\u00e7 unutmam. O g\u00f6r\u00fcnt\u00fc, bizim de \u00e7ocuklar\u0131m\u0131za kazand\u0131rmak istedi\u011fimiz k\u00fclt\u00fcr\u00fcn tam kar\u015f\u0131l\u0131\u011f\u0131d\u0131r. Yaz tatiline girerken t\u00fcm ailelere bir \u00e7a\u011fr\u0131m var: L\u00fctfen \u00e7ocuklar\u0131n\u0131zla birlikte her ak\u015fam en az yar\u0131m saat kitap okuyun. Bu, sadece bir al\u0131\u015fkanl\u0131k de\u011fil, gelecek ku\u015faklara b\u0131rak\u0131lacak en k\u0131ymetli mirast\u0131r. \u00c7\u00fcnk\u00fc bir kitap bir insan\u0131n hayat\u0131n\u0131, bir insan ise bir toplumun kaderini de\u011fi\u015ftirebilir.&#8221;<\/p>\n<p>Koordinat\u00f6r Mara\u015fl\u0131: &#8220;Kitap, bir nesne de\u011fil; yol g\u00f6steren bir dosttur&#8221;<br \/>\n<br \/>Proje Koordinat\u00f6r\u00fc Arzu G\u00fclery\u00fcz Mara\u015fl\u0131 ise konu\u015fmas\u0131nda projenin ba\u015flang\u0131c\u0131ndan bu yana kat etti\u011fi yolu ve hedeflerini anlatt\u0131. Mara\u015fl\u0131, &#8220;\u2019Hayat\u0131n Anlam\u0131 Kitap\u2019 diyerek \u00e7\u0131kt\u0131\u011f\u0131m\u0131z bu anlaml\u0131 yolculu\u011fa 3 \u015eubat 2023\u2019te ba\u015flad\u0131k. Amac\u0131m\u0131z sadece okuma al\u0131\u015fkanl\u0131\u011f\u0131 kazand\u0131rmak de\u011fildi. Ayn\u0131 zamanda d\u00fc\u015f\u00fcnen, sorgulayan, fark\u0131ndal\u0131k geli\u015ftiren bireyler yeti\u015ftirmeyi hedefledik. \u00c7\u00fcnk\u00fc inan\u0131yoruz ki, bir toplumun kalk\u0131nmas\u0131; okuyan, anlayan, yorumlayan ve \u00fcreten bireylerle m\u00fcmk\u00fcnd\u00fcr. Kitaplar, bize sadece bilgi sunmaz; ayn\u0131 zamanda empati kurmam\u0131za, farkl\u0131 hayatlara tan\u0131kl\u0131k etmemize, duygular\u0131m\u0131z\u0131 tan\u0131mam\u0131za olanak sa\u011flar. Bir c\u00fcmlede y\u0131llard\u0131r ad\u0131n\u0131 koyamad\u0131\u011f\u0131m\u0131z bir hissi bulabilir, hi\u00e7 tan\u0131mad\u0131\u011f\u0131m\u0131z bir karakterde kendimizi g\u00f6rebiliriz. O an kitap, bir objeden \u00e7ok daha fazlas\u0131 olur; sizinle konu\u015fan, size rehberlik eden bir dost haline gelir. Bu sezon boyunca ger\u00e7ekle\u015ftirdi\u011fimiz Kitap Takas \u015eenli\u011fi, masal saatleri, sosyal medya \u00fczerinden sesli masallar, e\u011fitim seminerleri ve \u00f6\u011fretmenlere y\u00f6nelik ki\u015fisel geli\u015fim e\u011fitimleri ile y\u00fczlerce \u00f6\u011frenci ve \u00f6\u011fretmene ula\u015ft\u0131k. Projemiz, bireysel bir \u00e7aban\u0131n \u00f6tesine ge\u00e7erek toplumsal bir harekete d\u00f6n\u00fc\u015ft\u00fc. \u2018Kitap Hediye G\u00fcn\u00fc\u2019nde \u00f6\u011frencilerimizle birlikte sokaklarda y\u00fcr\u00fcd\u00fck, vatanda\u015flara kitap da\u011f\u0131tt\u0131k. Bu sadece sembolik bir etkinlik de\u011fildi; okuman\u0131n ne kadar k\u0131ymetli oldu\u011funu birlikte hat\u0131rlamak, birlikte payla\u015fmak istedik.<br \/>\n<br \/>Bug\u00fcn burada gururla s\u00f6yl\u00fcyorum ki; art\u0131k kitap okumak il\u00e7emizde bir al\u0131\u015fkanl\u0131k de\u011fil, bir k\u00fclt\u00fcr haline gelmeye ba\u015flad\u0131. Projeye katk\u0131 sa\u011flayan t\u00fcm \u00f6\u011fretmenlerimize, \u00f6\u011frencilerimize, velilerimize, hay\u0131rseverlerimize ve t\u00fcm g\u00f6n\u00fcl dostlar\u0131m\u0131za te\u015fekk\u00fcr ediyorum. Bu bir final de\u011fil, bir ba\u015flang\u0131\u00e7. Gelin hep birlikte hayal kural\u0131m, birlikte okuyal\u0131m, birlikte ayd\u0131nlanal\u0131m.&#8221; dedi.<\/p>\n<p>\u00d6d\u00fcller ve m\u00fczik \u015f\u00f6leni<br \/>\n<br \/>Program\u0131n sonunda en \u00e7ok kitap okuyan \u00f6\u011frenciler \u00f6d\u00fcllendirilirken, projeye katk\u0131 sunan ki\u015fi ve kurumlara da te\u015fekk\u00fcr plaketleri verildi. Gecenin finalinde \u00fcnl\u00fc sanat\u00e7\u0131lar Garo Mafyan, P\u0131nar Aylin ve Tenor Levent G\u00fcnd\u00fcz\u2019\u00fcn sahne ald\u0131\u011f\u0131 m\u00fczik dinletisi, kat\u0131l\u0131mc\u0131lara unutulmaz anlar ya\u015fatt\u0131. Etkinlik, konuklara sunulan kokteyl ile sona erdi.<br \/><\/p>\n","protected":false},"excerpt":{"rendered":"<p>\u00d6\u011frencilere kitap okuma al\u0131\u015fkanl\u0131\u011f\u0131 kazand\u0131rmak amac\u0131yla \u00c7e\u015fme Kaymakaml\u0131\u011f\u0131 taraf\u0131ndan y\u00fcr\u00fct\u00fclen &#8220;Hayat\u0131n Anlam\u0131 Kitap&#8221; projesi, \u00fc\u00e7\u00fcnc\u00fc sezonunu g\u00f6rkemli bir etkinlikle tamamlad\u0131. Tarihi \u00c7e\u015fme Kalesi\u2019nde d\u00fczenlenen sezon finali, yo\u011fun kat\u0131l\u0131m ve co\u015fkulu anlara sahne oldu. &#8220;Hayat\u0131n Anlam\u0131 Kitap&#8221; projesi \u00c7e\u015fme Kaymakam\u0131 Mehmet Mara\u015fl\u0131\u2019n\u0131n \u00f6nc\u00fcl\u00fc\u011f\u00fcnde, Arzu G\u00fclery\u00fcz Mara\u015fl\u0131\u2019n\u0131n koordinat\u00f6rl\u00fc\u011f\u00fcnde y\u00fcr\u00fct\u00fcld\u00fc. 7 Mart 2023\u2019te ba\u015flayan proje, bu y\u0131l da&#8230;<\/p>\n","protected":false},"author":1,"featured_media":34500,"comment_status":"open","ping_status":"open","sticky":false,"template":"","format":"standard","meta":{"_crdt_document":"","footnotes":""},"categories":[1],"tags":[],"class_list":["post-34499","post","type-post","status-publish","format-standard","has-post-thumbnail","hentry","category-guncel"],"_links":{"self":[{"href":"https:\/\/www.egemtv.com\/index.php?rest_route=\/wp\/v2\/posts\/34499","targetHints":{"allow":["GET"]}}],"collection":[{"href":"https:\/\/www.egemtv.com\/index.php?rest_route=\/wp\/v2\/posts"}],"about":[{"href":"https:\/\/www.egemtv.com\/index.php?rest_route=\/wp\/v2\/types\/post"}],"author":[{"embeddable":true,"href":"https:\/\/www.egemtv.com\/index.php?rest_route=\/wp\/v2\/users\/1"}],"replies":[{"embeddable":true,"href":"https:\/\/www.egemtv.com\/index.php?rest_route=%2Fwp%2Fv2%2Fcomments&post=34499"}],"version-history":[{"count":1,"href":"https:\/\/www.egemtv.com\/index.php?rest_route=\/wp\/v2\/posts\/34499\/revisions"}],"predecessor-version":[{"id":34501,"href":"https:\/\/www.egemtv.com\/index.php?rest_route=\/wp\/v2\/posts\/34499\/revisions\/34501"}],"wp:featuredmedia":[{"embeddable":true,"href":"https:\/\/www.egemtv.com\/index.php?rest_route=\/wp\/v2\/media\/34500"}],"wp:attachment":[{"href":"https:\/\/www.egemtv.com\/index.php?rest_route=%2Fwp%2Fv2%2Fmedia&parent=34499"}],"wp:term":[{"taxonomy":"category","embeddable":true,"href":"https:\/\/www.egemtv.com\/index.php?rest_route=%2Fwp%2Fv2%2Fcategories&post=34499"},{"taxonomy":"post_tag","embeddable":true,"href":"https:\/\/www.egemtv.com\/index.php?rest_route=%2Fwp%2Fv2%2Ftags&post=34499"}],"curies":[{"name":"wp","href":"https:\/\/api.w.org\/{rel}","templated":true}]}}