{"id":34496,"date":"2025-06-12T11:59:35","date_gmt":"2025-06-12T08:59:35","guid":{"rendered":"https:\/\/www.egemtv.com\/?p=34496"},"modified":"2025-06-12T11:59:44","modified_gmt":"2025-06-12T08:59:44","slug":"egirdir-golunde-yuzlerce-sazan-baligi-olu-bulundu","status":"publish","type":"post","link":"https:\/\/www.egemtv.com\/?p=34496","title":{"rendered":"E\u011firdir G\u00f6l\u00fc\u2019nde y\u00fczlerce sazan bal\u0131\u011f\u0131 \u00f6l\u00fc bulundu"},"content":{"rendered":"<p>E\u011firdir G\u00f6l\u00fc\u2019n\u00fcn Hoyran b\u00f6lgesinde k\u0131y\u0131ya vuran y\u00fczlerce \u00f6l\u00fc sazan bal\u0131\u011f\u0131 b\u00f6lge halk\u0131nda endi\u015feye neden oldu. \u0130lk de\u011ferlendirmelere g\u00f6re bal\u0131k \u00f6l\u00fcmlerine oksijen yetersizli\u011finin neden olabilece\u011fi belirtiliyor.<br \/>\n<br \/>Isparta\u2019n\u0131n E\u011firdir il\u00e7esinde bulunan E\u011firdir G\u00f6l\u00fc\u2019n\u00fcn Hoyran k\u0131sm\u0131ndaki T\u0131rtar, Ta\u015fevi ve Gen\u00e7ali k\u0131y\u0131lar\u0131nda y\u00fczlerce \u00f6l\u00fc sazan bal\u0131\u011f\u0131 k\u0131y\u0131ya vurdu. A\u011f\u0131rl\u0131klar\u0131 500 gram ile 10 kilogram aras\u0131nda de\u011fi\u015fen bal\u0131klar\u0131n sahil boyunca yo\u011fun \u015fekilde g\u00f6r\u00fcld\u00fc\u011f\u00fc bildirildi. Baz\u0131 bal\u0131klar\u0131n ise can \u00e7eki\u015fir halde oldu\u011fu g\u00f6zlemlendi. Durumu fark eden vatanda\u015flar, bal\u0131k \u00f6l\u00fcmlerinden b\u00fcy\u00fck endi\u015fe duyduklar\u0131n\u0131 ifade etti.<\/p>\n<p>Bal\u0131k \u00f6l\u00fcmlerine oksijen yetersizli\u011fi neden olmu\u015f olabilir<br \/>\n<br \/>Konuya ili\u015fkin a\u00e7\u0131klama yapan yetkililer, son y\u0131llarda g\u00f6ldeki su seviyesinin ciddi \u015fekilde d\u00fc\u015ft\u00fc\u011f\u00fcne dikkat \u00e7ekerek, bunun su kalitesini olumsuz etkiledi\u011fini aktard\u0131. Uzmanlar\u0131n ilk de\u011ferlendirmelerine g\u00f6re bal\u0131k \u00f6l\u00fcmlerine oksijen yetersizli\u011fi neden olmu\u015f olabilir. Ancak kesin nedenin yap\u0131lacak detayl\u0131 bilimsel analizler sonucunda netlik kazanaca\u011f\u0131 ifade edildi.<br \/><\/p>\n","protected":false},"excerpt":{"rendered":"<p>E\u011firdir G\u00f6l\u00fc\u2019n\u00fcn Hoyran b\u00f6lgesinde k\u0131y\u0131ya vuran y\u00fczlerce \u00f6l\u00fc sazan bal\u0131\u011f\u0131 b\u00f6lge halk\u0131nda endi\u015feye neden oldu. \u0130lk de\u011ferlendirmelere g\u00f6re bal\u0131k \u00f6l\u00fcmlerine oksijen yetersizli\u011finin neden olabilece\u011fi belirtiliyor. Isparta\u2019n\u0131n E\u011firdir il\u00e7esinde bulunan E\u011firdir G\u00f6l\u00fc\u2019n\u00fcn Hoyran k\u0131sm\u0131ndaki T\u0131rtar, Ta\u015fevi ve Gen\u00e7ali k\u0131y\u0131lar\u0131nda y\u00fczlerce \u00f6l\u00fc sazan bal\u0131\u011f\u0131 k\u0131y\u0131ya vurdu. A\u011f\u0131rl\u0131klar\u0131 500 gram ile 10 kilogram aras\u0131nda de\u011fi\u015fen bal\u0131klar\u0131n sahil boyunca&#8230;<\/p>\n","protected":false},"author":1,"featured_media":34497,"comment_status":"open","ping_status":"open","sticky":false,"template":"","format":"standard","meta":{"_crdt_document":"","footnotes":""},"categories":[1],"tags":[],"class_list":["post-34496","post","type-post","status-publish","format-standard","has-post-thumbnail","hentry","category-guncel"],"_links":{"self":[{"href":"https:\/\/www.egemtv.com\/index.php?rest_route=\/wp\/v2\/posts\/34496","targetHints":{"allow":["GET"]}}],"collection":[{"href":"https:\/\/www.egemtv.com\/index.php?rest_route=\/wp\/v2\/posts"}],"about":[{"href":"https:\/\/www.egemtv.com\/index.php?rest_route=\/wp\/v2\/types\/post"}],"author":[{"embeddable":true,"href":"https:\/\/www.egemtv.com\/index.php?rest_route=\/wp\/v2\/users\/1"}],"replies":[{"embeddable":true,"href":"https:\/\/www.egemtv.com\/index.php?rest_route=%2Fwp%2Fv2%2Fcomments&post=34496"}],"version-history":[{"count":1,"href":"https:\/\/www.egemtv.com\/index.php?rest_route=\/wp\/v2\/posts\/34496\/revisions"}],"predecessor-version":[{"id":34498,"href":"https:\/\/www.egemtv.com\/index.php?rest_route=\/wp\/v2\/posts\/34496\/revisions\/34498"}],"wp:featuredmedia":[{"embeddable":true,"href":"https:\/\/www.egemtv.com\/index.php?rest_route=\/wp\/v2\/media\/34497"}],"wp:attachment":[{"href":"https:\/\/www.egemtv.com\/index.php?rest_route=%2Fwp%2Fv2%2Fmedia&parent=34496"}],"wp:term":[{"taxonomy":"category","embeddable":true,"href":"https:\/\/www.egemtv.com\/index.php?rest_route=%2Fwp%2Fv2%2Fcategories&post=34496"},{"taxonomy":"post_tag","embeddable":true,"href":"https:\/\/www.egemtv.com\/index.php?rest_route=%2Fwp%2Fv2%2Ftags&post=34496"}],"curies":[{"name":"wp","href":"https:\/\/api.w.org\/{rel}","templated":true}]}}