{"id":34493,"date":"2025-06-12T11:59:29","date_gmt":"2025-06-12T08:59:29","guid":{"rendered":"https:\/\/www.egemtv.com\/?p=34493"},"modified":"2025-06-12T11:59:34","modified_gmt":"2025-06-12T08:59:34","slug":"aydinda-cop-toplama-aracindan-dusen-isci-agir-yaralandi","status":"publish","type":"post","link":"https:\/\/www.egemtv.com\/?p=34493","title":{"rendered":"Ayd\u0131n\u2019da \u00e7\u00f6p toplama arac\u0131ndan d\u00fc\u015fen i\u015f\u00e7i a\u011f\u0131r yaraland\u0131"},"content":{"rendered":"<p>Ayd\u0131n\u2019\u0131n \u00c7ine il\u00e7esinde, \u00e7\u00f6p toplama arac\u0131ndan d\u00fc\u015fen belediye i\u015f\u00e7isi a\u011f\u0131r yaraland\u0131. Ba\u015f\u0131n\u0131 sert zemine \u00e7arpan talihsiz i\u015f\u00e7i yo\u011fun bak\u0131mda hayat m\u00fccadelesi veriyor.<br \/>\n<br \/>Kaza, Kahraman Mahallesi 289 Sokak\u2019ta meydana geldi. Edinilen bilgilere g\u00f6re, \u00c7ine Belediyesi\u2019ne ait M.Y. idaresindeki \u00e7\u00f6p toplama arac\u0131 h\u0131zla ilerledi\u011fi s\u0131rada, arac\u0131n arkas\u0131nda temizlik i\u015f\u00e7isi olarak \u00e7al\u0131\u015fan Hasan Dok (46) dengesini kaybederek ara\u00e7tan d\u00fc\u015ft\u00fc. O anlar \u00e7evredeki g\u00fcvenlik kameralar\u0131 taraf\u0131ndan kaydedildi.<br \/>\n<br \/>\u0130hbar \u00fczerine olay yerine sa\u011fl\u0131k ve jandarma ekipleri sevk edildi. Yaral\u0131 temizlik i\u015f\u00e7iye, sa\u011fl\u0131k ekipleri olay yerinde ilk m\u00fcdahaleyi yap\u0131p \u00f6nce \u00c7ine Devlet Hastanesi\u2019ne, ard\u0131ndan Ayd\u0131n Devlet Hastanesi\u2019ne sevk edildi.<br \/>\n<br \/>Yo\u011fun bak\u0131ma al\u0131nan temizlik i\u015f\u00e7isi Hasan Dok\u2019un hayati tehlikesinin devam etti\u011fi \u00f6\u011frenildi. Olayla ilgili inceleme ba\u015flat\u0131ld\u0131.<br \/><\/p>\n","protected":false},"excerpt":{"rendered":"<p>Ayd\u0131n\u2019\u0131n \u00c7ine il\u00e7esinde, \u00e7\u00f6p toplama arac\u0131ndan d\u00fc\u015fen belediye i\u015f\u00e7isi a\u011f\u0131r yaraland\u0131. Ba\u015f\u0131n\u0131 sert zemine \u00e7arpan talihsiz i\u015f\u00e7i yo\u011fun bak\u0131mda hayat m\u00fccadelesi veriyor. Kaza, Kahraman Mahallesi 289 Sokak\u2019ta meydana geldi. Edinilen bilgilere g\u00f6re, \u00c7ine Belediyesi\u2019ne ait M.Y. idaresindeki \u00e7\u00f6p toplama arac\u0131 h\u0131zla ilerledi\u011fi s\u0131rada, arac\u0131n arkas\u0131nda temizlik i\u015f\u00e7isi olarak \u00e7al\u0131\u015fan Hasan Dok (46) dengesini kaybederek ara\u00e7tan&#8230;<\/p>\n","protected":false},"author":1,"featured_media":34494,"comment_status":"open","ping_status":"open","sticky":false,"template":"","format":"standard","meta":{"_crdt_document":"","footnotes":""},"categories":[5],"tags":[],"class_list":["post-34493","post","type-post","status-publish","format-standard","has-post-thumbnail","hentry","category-asayis"],"_links":{"self":[{"href":"https:\/\/www.egemtv.com\/index.php?rest_route=\/wp\/v2\/posts\/34493","targetHints":{"allow":["GET"]}}],"collection":[{"href":"https:\/\/www.egemtv.com\/index.php?rest_route=\/wp\/v2\/posts"}],"about":[{"href":"https:\/\/www.egemtv.com\/index.php?rest_route=\/wp\/v2\/types\/post"}],"author":[{"embeddable":true,"href":"https:\/\/www.egemtv.com\/index.php?rest_route=\/wp\/v2\/users\/1"}],"replies":[{"embeddable":true,"href":"https:\/\/www.egemtv.com\/index.php?rest_route=%2Fwp%2Fv2%2Fcomments&post=34493"}],"version-history":[{"count":1,"href":"https:\/\/www.egemtv.com\/index.php?rest_route=\/wp\/v2\/posts\/34493\/revisions"}],"predecessor-version":[{"id":34495,"href":"https:\/\/www.egemtv.com\/index.php?rest_route=\/wp\/v2\/posts\/34493\/revisions\/34495"}],"wp:featuredmedia":[{"embeddable":true,"href":"https:\/\/www.egemtv.com\/index.php?rest_route=\/wp\/v2\/media\/34494"}],"wp:attachment":[{"href":"https:\/\/www.egemtv.com\/index.php?rest_route=%2Fwp%2Fv2%2Fmedia&parent=34493"}],"wp:term":[{"taxonomy":"category","embeddable":true,"href":"https:\/\/www.egemtv.com\/index.php?rest_route=%2Fwp%2Fv2%2Fcategories&post=34493"},{"taxonomy":"post_tag","embeddable":true,"href":"https:\/\/www.egemtv.com\/index.php?rest_route=%2Fwp%2Fv2%2Ftags&post=34493"}],"curies":[{"name":"wp","href":"https:\/\/api.w.org\/{rel}","templated":true}]}}