{"id":34490,"date":"2025-06-12T11:59:23","date_gmt":"2025-06-12T08:59:23","guid":{"rendered":"https:\/\/www.egemtv.com\/?p=34490"},"modified":"2025-06-12T11:59:28","modified_gmt":"2025-06-12T08:59:28","slug":"ispartada-baraj-golunde-kaybolan-sahis-baygin-halde-bulundu","status":"publish","type":"post","link":"https:\/\/www.egemtv.com\/?p=34490","title":{"rendered":"Isparta\u2019da baraj g\u00f6l\u00fcnde kaybolan \u015fah\u0131s bayg\u0131n halde bulundu"},"content":{"rendered":"<p>Isparta\u2019da serinlemek i\u00e7in girdi\u011fi baraj g\u00f6l\u00fcnde kaybolan gen\u00e7, g\u00f6l kenar\u0131nda bayg\u0131n halde bulunarak hastaneye kald\u0131r\u0131ld\u0131.<br \/>\n<br \/>Olay, Isparta-Burdur karayolu \u00fczerindeki Gelincik k\u00f6y\u00fc yak\u0131nlar\u0131nda bulunan Gelincik Baraj G\u00f6l\u00fc\u2019nde meydana geldi. Edinilen bilgilere g\u00f6re, 27 ya\u015f\u0131ndaki Alper A., iddiaya g\u00f6re alkol ald\u0131ktan sonra serinlemek amac\u0131yla g\u00f6le girdi. Bir s\u00fcre sonra gencin g\u00f6zden kayboldu\u011funu fark eden yak\u0131nlar\u0131 durumu 112 Acil \u00c7a\u011fr\u0131 Merkezi\u2019ne bildirdi. \u0130hbar \u00fczerine b\u00f6lgeye AFAD ekipleri sevk edildi. Ekiplerin ba\u015flatt\u0131\u011f\u0131 arama \u00e7al\u0131\u015fmalar\u0131 sonucunda Alper A., g\u00f6l kenar\u0131nda bayg\u0131n halde bulundu. Olay yerine gelen sa\u011fl\u0131k ekipleri taraf\u0131ndan ilk m\u00fcdahalesi yap\u0131lan \u015fah\u0131s, ambulansla Isparta \u015eehir Hastanesi\u2019ne kald\u0131r\u0131ld\u0131. Alper A.\u2019n\u0131n sa\u011fl\u0131k durumunun iyi oldu\u011fu \u00f6\u011frenilirken, olayla ilgili inceleme ba\u015flat\u0131ld\u0131.<\/p>\n","protected":false},"excerpt":{"rendered":"<p>Isparta\u2019da serinlemek i\u00e7in girdi\u011fi baraj g\u00f6l\u00fcnde kaybolan gen\u00e7, g\u00f6l kenar\u0131nda bayg\u0131n halde bulunarak hastaneye kald\u0131r\u0131ld\u0131. Olay, Isparta-Burdur karayolu \u00fczerindeki Gelincik k\u00f6y\u00fc yak\u0131nlar\u0131nda bulunan Gelincik Baraj G\u00f6l\u00fc\u2019nde meydana geldi. Edinilen bilgilere g\u00f6re, 27 ya\u015f\u0131ndaki Alper A., iddiaya g\u00f6re alkol ald\u0131ktan sonra serinlemek amac\u0131yla g\u00f6le girdi. Bir s\u00fcre sonra gencin g\u00f6zden kayboldu\u011funu fark eden yak\u0131nlar\u0131 durumu 112&#8230;<\/p>\n","protected":false},"author":1,"featured_media":34491,"comment_status":"open","ping_status":"open","sticky":false,"template":"","format":"standard","meta":{"_crdt_document":"","footnotes":""},"categories":[5],"tags":[],"class_list":["post-34490","post","type-post","status-publish","format-standard","has-post-thumbnail","hentry","category-asayis"],"_links":{"self":[{"href":"https:\/\/www.egemtv.com\/index.php?rest_route=\/wp\/v2\/posts\/34490","targetHints":{"allow":["GET"]}}],"collection":[{"href":"https:\/\/www.egemtv.com\/index.php?rest_route=\/wp\/v2\/posts"}],"about":[{"href":"https:\/\/www.egemtv.com\/index.php?rest_route=\/wp\/v2\/types\/post"}],"author":[{"embeddable":true,"href":"https:\/\/www.egemtv.com\/index.php?rest_route=\/wp\/v2\/users\/1"}],"replies":[{"embeddable":true,"href":"https:\/\/www.egemtv.com\/index.php?rest_route=%2Fwp%2Fv2%2Fcomments&post=34490"}],"version-history":[{"count":1,"href":"https:\/\/www.egemtv.com\/index.php?rest_route=\/wp\/v2\/posts\/34490\/revisions"}],"predecessor-version":[{"id":34492,"href":"https:\/\/www.egemtv.com\/index.php?rest_route=\/wp\/v2\/posts\/34490\/revisions\/34492"}],"wp:featuredmedia":[{"embeddable":true,"href":"https:\/\/www.egemtv.com\/index.php?rest_route=\/wp\/v2\/media\/34491"}],"wp:attachment":[{"href":"https:\/\/www.egemtv.com\/index.php?rest_route=%2Fwp%2Fv2%2Fmedia&parent=34490"}],"wp:term":[{"taxonomy":"category","embeddable":true,"href":"https:\/\/www.egemtv.com\/index.php?rest_route=%2Fwp%2Fv2%2Fcategories&post=34490"},{"taxonomy":"post_tag","embeddable":true,"href":"https:\/\/www.egemtv.com\/index.php?rest_route=%2Fwp%2Fv2%2Ftags&post=34490"}],"curies":[{"name":"wp","href":"https:\/\/api.w.org\/{rel}","templated":true}]}}