{"id":34487,"date":"2025-06-12T11:35:32","date_gmt":"2025-06-12T08:35:32","guid":{"rendered":"https:\/\/www.egemtv.com\/?p=34487"},"modified":"2025-06-12T11:35:36","modified_gmt":"2025-06-12T08:35:36","slug":"minikler-icin-yil-sonu-mezuniyet-toreni-duzenlendi","status":"publish","type":"post","link":"https:\/\/www.egemtv.com\/?p=34487","title":{"rendered":"Minikler i\u00e7in y\u0131l sonu mezuniyet t\u00f6reni d\u00fczenlendi"},"content":{"rendered":"<p>Afyonkarahisar Z\u00fcbeyde Han\u0131m K\u0131z Mesleki ve Teknik Anadolu Lisesi Uygulama Anaokulu\u2019nda e\u011fitim g\u00f6ren 4 ve 5 ya\u015f grubu \u00f6\u011frencileri i\u00e7in y\u0131l sonu mezuniyet t\u00f6reni d\u00fczenlendi.<br \/>\n<br \/>\u0130brahim Evren K\u0131z Mesleki ve Teknik Anadolu Lisesi Konferans Salonu\u2019nda ger\u00e7ekle\u015ftirilen mezuniyet t\u00f6renine, \u00f6\u011frenci velilerinin yan\u0131 s\u0131ra Z\u00fcbeyde Han\u0131m K\u0131z Mesleki ve Teknik Anadolu Lisesi M\u00fcd\u00fcr\u00fc Osman Tezgiden, M\u00fcd\u00fcr Yard\u0131mc\u0131s\u0131 S\u00fcleyman G\u00fcltekin Kadayifci ve Alan \u015eefi Nihal Ayd\u0131nl\u0131 kat\u0131ld\u0131.<br \/>\n<br \/>T\u00f6rende minik \u00f6\u011frenciler; Karadeniz horon halk oyunu, Anadolu Ate\u015fi dans g\u00f6sterisi, Toma Toma Zumba dans\u0131, Ben T\u00fcrk \u00c7ocu\u011fuyum performans\u0131, potpori ve \u0130spanyol dans\u0131, A\u015fuk ile Ma\u015fuk oyunu, \u0130ngilizce rond, Kafkas ve tango g\u00f6sterileri ile \u0130stiklal Mar\u015f\u0131 oratoryosu sundular. Miniklerin sahne performanslar\u0131 izleyicilerden b\u00fcy\u00fck be\u011feni toplad\u0131.<br \/><\/p>\n","protected":false},"excerpt":{"rendered":"<p>Afyonkarahisar Z\u00fcbeyde Han\u0131m K\u0131z Mesleki ve Teknik Anadolu Lisesi Uygulama Anaokulu\u2019nda e\u011fitim g\u00f6ren 4 ve 5 ya\u015f grubu \u00f6\u011frencileri i\u00e7in y\u0131l sonu mezuniyet t\u00f6reni d\u00fczenlendi. \u0130brahim Evren K\u0131z Mesleki ve Teknik Anadolu Lisesi Konferans Salonu\u2019nda ger\u00e7ekle\u015ftirilen mezuniyet t\u00f6renine, \u00f6\u011frenci velilerinin yan\u0131 s\u0131ra Z\u00fcbeyde Han\u0131m K\u0131z Mesleki ve Teknik Anadolu Lisesi M\u00fcd\u00fcr\u00fc Osman Tezgiden, M\u00fcd\u00fcr Yard\u0131mc\u0131s\u0131&#8230;<\/p>\n","protected":false},"author":1,"featured_media":34488,"comment_status":"open","ping_status":"open","sticky":false,"template":"","format":"standard","meta":{"_crdt_document":"","footnotes":""},"categories":[1],"tags":[],"class_list":["post-34487","post","type-post","status-publish","format-standard","has-post-thumbnail","hentry","category-guncel"],"_links":{"self":[{"href":"https:\/\/www.egemtv.com\/index.php?rest_route=\/wp\/v2\/posts\/34487","targetHints":{"allow":["GET"]}}],"collection":[{"href":"https:\/\/www.egemtv.com\/index.php?rest_route=\/wp\/v2\/posts"}],"about":[{"href":"https:\/\/www.egemtv.com\/index.php?rest_route=\/wp\/v2\/types\/post"}],"author":[{"embeddable":true,"href":"https:\/\/www.egemtv.com\/index.php?rest_route=\/wp\/v2\/users\/1"}],"replies":[{"embeddable":true,"href":"https:\/\/www.egemtv.com\/index.php?rest_route=%2Fwp%2Fv2%2Fcomments&post=34487"}],"version-history":[{"count":1,"href":"https:\/\/www.egemtv.com\/index.php?rest_route=\/wp\/v2\/posts\/34487\/revisions"}],"predecessor-version":[{"id":34489,"href":"https:\/\/www.egemtv.com\/index.php?rest_route=\/wp\/v2\/posts\/34487\/revisions\/34489"}],"wp:featuredmedia":[{"embeddable":true,"href":"https:\/\/www.egemtv.com\/index.php?rest_route=\/wp\/v2\/media\/34488"}],"wp:attachment":[{"href":"https:\/\/www.egemtv.com\/index.php?rest_route=%2Fwp%2Fv2%2Fmedia&parent=34487"}],"wp:term":[{"taxonomy":"category","embeddable":true,"href":"https:\/\/www.egemtv.com\/index.php?rest_route=%2Fwp%2Fv2%2Fcategories&post=34487"},{"taxonomy":"post_tag","embeddable":true,"href":"https:\/\/www.egemtv.com\/index.php?rest_route=%2Fwp%2Fv2%2Ftags&post=34487"}],"curies":[{"name":"wp","href":"https:\/\/api.w.org\/{rel}","templated":true}]}}