{"id":34394,"date":"2025-06-11T19:15:29","date_gmt":"2025-06-11T16:15:29","guid":{"rendered":"https:\/\/www.egemtv.com\/?p=34394"},"modified":"2025-06-11T19:15:36","modified_gmt":"2025-06-11T16:15:36","slug":"marmariste-zincirleme-trafik-kazasi","status":"publish","type":"post","link":"https:\/\/www.egemtv.com\/?p=34394","title":{"rendered":"Marmaris\u2019te zincirleme trafik kazas\u0131"},"content":{"rendered":"<p>Mu\u011fla\u2019n\u0131n Marmaris il\u00e7esinde \u00fc\u00e7 arac\u0131n kar\u0131\u015ft\u0131\u011f\u0131 zincirleme trafik kazas\u0131nda \u015fans eseri yaralanan olmad\u0131.<\/p>\n<p>Kaza, Marmaris il\u00e7esi Hisar\u00f6n\u00fc Mahallesi De\u011firmenyan\u0131 mevkiinde saat 17.30 s\u0131ralar\u0131nda meydana geldi. Edinilen bilgiye g\u00f6re, hatal\u0131 sollama yapt\u0131\u011f\u0131 iddia edilen bir ara\u00e7, kar\u015f\u0131 y\u00f6nden gelen ba\u015fka bir ara\u00e7la \u00e7arp\u0131\u015ft\u0131. Arkadan gelen \u00fc\u00e7\u00fcnc\u00fc ara\u00e7 ise s\u00fcr\u00fcc\u00fcs\u00fcn\u00fcn direksiyon hakimiyetini kaybetmesi sonucu yoldan \u00e7\u0131karak a\u011fa\u00e7lara \u00e7arpt\u0131. Kazay\u0131 g\u00f6ren vatanda\u015flar durumu 112 Acil \u00c7a\u011fr\u0131 Merkezi\u2019ne bildirdi. \u0130hbar \u00fczerine olay yerine sa\u011fl\u0131k, jandarma ve b\u00f6lge trafik ekipleri sevk edildi. \u015eans eseri kazada yaralanan ya da hayat\u0131n\u0131 kaybeden olmazken, kaza nedeniyle bir s\u00fcre trafi\u011fe kapanan Marmaris-Dat\u00e7a karayolu, kaza yapan ara\u00e7lar\u0131n \u00e7ekici yard\u0131m\u0131yla kald\u0131r\u0131lmas\u0131n\u0131n ard\u0131ndan kontroll\u00fc \u015fekilde tekrar ula\u015f\u0131ma a\u00e7\u0131ld\u0131. Kaza ile ilgili inceleme ba\u015flat\u0131ld\u0131.<br \/><\/p>\n","protected":false},"excerpt":{"rendered":"<p>Mu\u011fla\u2019n\u0131n Marmaris il\u00e7esinde \u00fc\u00e7 arac\u0131n kar\u0131\u015ft\u0131\u011f\u0131 zincirleme trafik kazas\u0131nda \u015fans eseri yaralanan olmad\u0131. Kaza, Marmaris il\u00e7esi Hisar\u00f6n\u00fc Mahallesi De\u011firmenyan\u0131 mevkiinde saat 17.30 s\u0131ralar\u0131nda meydana geldi. Edinilen bilgiye g\u00f6re, hatal\u0131 sollama yapt\u0131\u011f\u0131 iddia edilen bir ara\u00e7, kar\u015f\u0131 y\u00f6nden gelen ba\u015fka bir ara\u00e7la \u00e7arp\u0131\u015ft\u0131. Arkadan gelen \u00fc\u00e7\u00fcnc\u00fc ara\u00e7 ise s\u00fcr\u00fcc\u00fcs\u00fcn\u00fcn direksiyon hakimiyetini kaybetmesi sonucu yoldan \u00e7\u0131karak a\u011fa\u00e7lara&#8230;<\/p>\n","protected":false},"author":1,"featured_media":34395,"comment_status":"open","ping_status":"open","sticky":false,"template":"","format":"standard","meta":{"_crdt_document":"","footnotes":""},"categories":[5],"tags":[],"class_list":["post-34394","post","type-post","status-publish","format-standard","has-post-thumbnail","hentry","category-asayis"],"_links":{"self":[{"href":"https:\/\/www.egemtv.com\/index.php?rest_route=\/wp\/v2\/posts\/34394","targetHints":{"allow":["GET"]}}],"collection":[{"href":"https:\/\/www.egemtv.com\/index.php?rest_route=\/wp\/v2\/posts"}],"about":[{"href":"https:\/\/www.egemtv.com\/index.php?rest_route=\/wp\/v2\/types\/post"}],"author":[{"embeddable":true,"href":"https:\/\/www.egemtv.com\/index.php?rest_route=\/wp\/v2\/users\/1"}],"replies":[{"embeddable":true,"href":"https:\/\/www.egemtv.com\/index.php?rest_route=%2Fwp%2Fv2%2Fcomments&post=34394"}],"version-history":[{"count":1,"href":"https:\/\/www.egemtv.com\/index.php?rest_route=\/wp\/v2\/posts\/34394\/revisions"}],"predecessor-version":[{"id":34396,"href":"https:\/\/www.egemtv.com\/index.php?rest_route=\/wp\/v2\/posts\/34394\/revisions\/34396"}],"wp:featuredmedia":[{"embeddable":true,"href":"https:\/\/www.egemtv.com\/index.php?rest_route=\/wp\/v2\/media\/34395"}],"wp:attachment":[{"href":"https:\/\/www.egemtv.com\/index.php?rest_route=%2Fwp%2Fv2%2Fmedia&parent=34394"}],"wp:term":[{"taxonomy":"category","embeddable":true,"href":"https:\/\/www.egemtv.com\/index.php?rest_route=%2Fwp%2Fv2%2Fcategories&post=34394"},{"taxonomy":"post_tag","embeddable":true,"href":"https:\/\/www.egemtv.com\/index.php?rest_route=%2Fwp%2Fv2%2Ftags&post=34394"}],"curies":[{"name":"wp","href":"https:\/\/api.w.org\/{rel}","templated":true}]}}