{"id":34391,"date":"2025-06-11T18:55:01","date_gmt":"2025-06-11T15:55:01","guid":{"rendered":"https:\/\/www.egemtv.com\/?p=34391"},"modified":"2025-06-11T18:55:02","modified_gmt":"2025-06-11T15:55:02","slug":"marmariste-kayboldugu-sanilan-avukat-bali-evine-dondu","status":"publish","type":"post","link":"https:\/\/www.egemtv.com\/?p=34391","title":{"rendered":"Marmaris\u2019te kayboldu\u011fu san\u0131lan avukat Bali evine d\u00f6nd\u00fc"},"content":{"rendered":"<p>Mu\u011fla\u2019n\u0131n Marmaris il\u00e7esinde d\u00fcn sabah saatlerinden itibaren ula\u015f\u0131lamayan kamu avukat\u0131 Kevser Bali, evine d\u00f6nd\u00fc.<br \/>\n<br \/>D\u00fcn sabah i\u015f yerine gitmek \u00fczere evden ayr\u0131lan ve en son saat 12.00\u2019de bir yak\u0131n\u0131yla ileti\u015fim kuran Kevser Bali\u2019den haber al\u0131namamas\u0131 \u00fczerine ailesi endi\u015felenmi\u015f, kay\u0131p ba\u015fvurusunda bulunmu\u015ftu. Edinilen bilgiye g\u00f6re, Kevser Bali\u2019nin tansiyon ve \u015fekerinin d\u00fc\u015fmesi sonucu hafif bir bayg\u0131nl\u0131k ge\u00e7irdi\u011fi, bu esnada telefonunun da d\u00fc\u015ferek k\u0131r\u0131ld\u0131\u011f\u0131 \u00f6\u011frenildi. Telefonunun \u00e7al\u0131\u015fmamas\u0131 nedeniyle ailesine ula\u015famayan Bali, bug\u00fcn \u00f6\u011fleden sonra yak\u0131ndaki bir ki\u015fiden telefon alarak babas\u0131n\u0131 arad\u0131 ve durumunun iyi oldu\u011funu s\u00f6yledi. Daha sonra evine d\u00f6nen Avukat Kevser Bali\u2019nin sa\u011fl\u0131k durumunun iyi oldu\u011fu, emniyette kay\u0131p ilan\u0131yla ilgili ifade verece\u011fi \u00f6\u011frenildi.<br \/><\/p>\n","protected":false},"excerpt":{"rendered":"<p>Mu\u011fla\u2019n\u0131n Marmaris il\u00e7esinde d\u00fcn sabah saatlerinden itibaren ula\u015f\u0131lamayan kamu avukat\u0131 Kevser Bali, evine d\u00f6nd\u00fc. D\u00fcn sabah i\u015f yerine gitmek \u00fczere evden ayr\u0131lan ve en son saat 12.00\u2019de bir yak\u0131n\u0131yla ileti\u015fim kuran Kevser Bali\u2019den haber al\u0131namamas\u0131 \u00fczerine ailesi endi\u015felenmi\u015f, kay\u0131p ba\u015fvurusunda bulunmu\u015ftu. Edinilen bilgiye g\u00f6re, Kevser Bali\u2019nin tansiyon ve \u015fekerinin d\u00fc\u015fmesi sonucu hafif bir bayg\u0131nl\u0131k ge\u00e7irdi\u011fi,&#8230;<\/p>\n","protected":false},"author":1,"featured_media":34392,"comment_status":"open","ping_status":"open","sticky":false,"template":"","format":"standard","meta":{"_crdt_document":"","footnotes":""},"categories":[5],"tags":[],"class_list":["post-34391","post","type-post","status-publish","format-standard","has-post-thumbnail","hentry","category-asayis"],"_links":{"self":[{"href":"https:\/\/www.egemtv.com\/index.php?rest_route=\/wp\/v2\/posts\/34391","targetHints":{"allow":["GET"]}}],"collection":[{"href":"https:\/\/www.egemtv.com\/index.php?rest_route=\/wp\/v2\/posts"}],"about":[{"href":"https:\/\/www.egemtv.com\/index.php?rest_route=\/wp\/v2\/types\/post"}],"author":[{"embeddable":true,"href":"https:\/\/www.egemtv.com\/index.php?rest_route=\/wp\/v2\/users\/1"}],"replies":[{"embeddable":true,"href":"https:\/\/www.egemtv.com\/index.php?rest_route=%2Fwp%2Fv2%2Fcomments&post=34391"}],"version-history":[{"count":1,"href":"https:\/\/www.egemtv.com\/index.php?rest_route=\/wp\/v2\/posts\/34391\/revisions"}],"predecessor-version":[{"id":34393,"href":"https:\/\/www.egemtv.com\/index.php?rest_route=\/wp\/v2\/posts\/34391\/revisions\/34393"}],"wp:featuredmedia":[{"embeddable":true,"href":"https:\/\/www.egemtv.com\/index.php?rest_route=\/wp\/v2\/media\/34392"}],"wp:attachment":[{"href":"https:\/\/www.egemtv.com\/index.php?rest_route=%2Fwp%2Fv2%2Fmedia&parent=34391"}],"wp:term":[{"taxonomy":"category","embeddable":true,"href":"https:\/\/www.egemtv.com\/index.php?rest_route=%2Fwp%2Fv2%2Fcategories&post=34391"},{"taxonomy":"post_tag","embeddable":true,"href":"https:\/\/www.egemtv.com\/index.php?rest_route=%2Fwp%2Fv2%2Ftags&post=34391"}],"curies":[{"name":"wp","href":"https:\/\/api.w.org\/{rel}","templated":true}]}}