{"id":34388,"date":"2025-06-11T17:55:41","date_gmt":"2025-06-11T14:55:41","guid":{"rendered":"https:\/\/www.egemtv.com\/?p=34388"},"modified":"2025-06-11T17:55:46","modified_gmt":"2025-06-11T14:55:46","slug":"izmirde-yapay-zeka-ile-yeni-bir-donem","status":"publish","type":"post","link":"https:\/\/www.egemtv.com\/?p=34388","title":{"rendered":"\u0130zmir\u2019de yapay zeka ile yeni bir d\u00f6nem"},"content":{"rendered":"<p>\u0130zmir \u0130l Milli E\u011fitim M\u00fcd\u00fcrl\u00fc\u011f\u00fc taraf\u0131ndan \u0130zmir\u2019de E\u011fitimde Yapay Zeka \u00c7al\u0131\u015ftay\u0131 ger\u00e7ekle\u015ftirildi.<br \/>\n<br \/>\u0130zmir \u0130l Milli E\u011fitim M\u00fcd\u00fcrl\u00fc\u011f\u00fc, e\u011fitimde yapay zeka uygulamalar\u0131n\u0131 yayg\u0131nla\u015ft\u0131rmak ve bu alanda kapsaml\u0131 bir vizyon olu\u015fturmak amac\u0131yla \u00f6nemli bir \u00e7al\u0131\u015ftaya ev sahipli\u011fi yapt\u0131. \u0130ZQ Giri\u015fimcilik ve \u0130novasyon Merkezi\u2019nde ger\u00e7ekle\u015ftirilen \u2019\u0130zmir\u2019de E\u011fitimde Yapay Zeka \u00c7al\u0131\u015ftay\u0131\u2019, 21. y\u00fczy\u0131l\u0131n gerektirdi\u011fi becerileri merkeze alan ve teknolojiyi hem ara\u00e7 hem de \u00fcretim unsuru olarak kullanan bireyler yeti\u015ftirmeyi hedefliyor. \u00c7al\u0131\u015ftaya, \u0130zmir \u0130l Milli E\u011fitim M\u00fcd\u00fcr\u00fc Dr. \u00d6mer Yah\u015fi, \u0130zmir \u0130l Milli E\u011fitim M\u00fcd\u00fcr Yard\u0131mc\u0131s\u0131 \u0130lker Erarslan, \u0130zmir \u0130l Milli E\u011fitim \u015eube M\u00fcd\u00fcr\u00fc Ali Can G\u00fcll\u00fc\u2019n\u00fcn yan\u0131 s\u0131ra Dr. Mustafa Co\u015fkun, \u0130zmir Katip \u00c7elebi \u00dcniversitesinden Prof. Dr. Serhat Burmao\u011flu, Do\u00e7. Dr. Mehmet B\u00fck\u00fcm, Dr. \u00d6\u011fr. \u00dcyesi Esra D\u00fcndar Aravac\u0131k, Dr. \u00d6\u011fr. \u00dcyesi Ela Burcu U\u00e7el, Dr. \u00d6\u011fr. \u00dcyesi Emrah Noyan ve Dr. \u00d6\u011fr. \u00dcyesi Kemal Yayla ile \u0130zmir genelinde farkl\u0131 bran\u015flarda g\u00f6rev yapan 30 ortaokul ve lise \u00f6\u011fretmeni kat\u0131ld\u0131.<br \/>\n<br \/>\u00c7al\u0131\u015ftay\u0131n a\u00e7\u0131l\u0131\u015f konu\u015fmas\u0131n\u0131 ger\u00e7ekle\u015ftiren \u0130l Milli E\u011fitim \u015eube M\u00fcd\u00fcr\u00fc Ali Can G\u00fcll\u00fc, yapay zeka teknolojilerinin e\u011fitimde daha kritik bir rol \u00fcstlendi\u011fine vurgu yapt\u0131. G\u00fcll\u00fc, &#8220;Birka\u00e7 y\u0131l i\u00e7inde, yapay zekan\u0131n e\u011fitim s\u00fcre\u00e7lerinde ve \u00f6\u011frenme deneyimlerinde fark olu\u015fturacak d\u00fczeyde geli\u015fece\u011fini \u00f6ng\u00f6r\u00fcyoruz. Bu anlamda, \u015fu ana kadar 200 \u00f6\u011fretmenimize yapay zekan\u0131n pedagojik uygulamalar\u0131 ve dijital ara\u00e7lar\u0131 kullan\u0131m\u0131 konusunda e\u011fitim verdik; \u00fcniversitelerle i\u015f birlikleriyle de yapay zeka tabanl\u0131 yenilik\u00e7i projeler geli\u015ftirmeye devam ediyoruz&#8221; dedi.<br \/>\n<br \/>Dr. Mustafa Co\u015fkun, konu\u015fmas\u0131nda yapay zekan\u0131n e\u011fitimde devrim olu\u015fturaca\u011f\u0131na inand\u0131\u011f\u0131n\u0131 belirtti. Ayr\u0131ca, \u00f6\u011frencilerin her zaman \u00f6\u011fretmene ihtiya\u00e7 duydu\u011funu vurgulayarak \u00f6\u011fretmenin teknolojiyi destekleyici bir ara\u00e7 olarak kullanmas\u0131 gerekti\u011finin alt\u0131n\u0131 \u00e7izdi. Co\u015fkun, verimli bir \u00e7al\u0131\u015ftay olmas\u0131 temennisiyle konu\u015fmas\u0131n\u0131 tamamlad\u0131.<br \/>\n<br \/>\u00c7al\u0131\u015ftay kapsam\u0131nda \u2019Yapay Zeka Kul\u00fcb\u00fc\u2019, \u2019Yapay Zeka \u00d6\u011fretmen E\u011fitimi\u2019, \u2019Yapay Zeka Eti\u011fi\u2019, \u2019Yapay Zeka ile Dijital Modelleme ve Oyunla\u015ft\u0131rma\u2019, &#8220;Yapay Zeka ile Ses, G\u00f6rsel ve Video Olu\u015fturma\u2019 ile \u2019Yapay Zeka Do\u011fal Dil Modelleri ve Komut M\u00fchendisli\u011fi\u2019 ba\u015fl\u0131klar\u0131nda at\u00f6lyeler d\u00fczenlendi. Bu oturumlarda, okullarda yapay zeka kul\u00fcplerinin kurulmas\u0131, \u00f6\u011fretmenlerin yapay zeka alan\u0131nda g\u00fc\u00e7lendirilmesi, \u00f6\u011frencilere y\u00f6nelik yenilik\u00e7i uygulamalar\u0131n geli\u015ftirilmesi ve \u00fcniversitelerle \u00f6rg\u00fcn e\u011fitim aras\u0131ndaki i\u015f birliklerinin art\u0131r\u0131lmas\u0131 konular\u0131 \u00fczerinde duruldu.<br \/><\/p>\n","protected":false},"excerpt":{"rendered":"<p>\u0130zmir \u0130l Milli E\u011fitim M\u00fcd\u00fcrl\u00fc\u011f\u00fc taraf\u0131ndan \u0130zmir\u2019de E\u011fitimde Yapay Zeka \u00c7al\u0131\u015ftay\u0131 ger\u00e7ekle\u015ftirildi. \u0130zmir \u0130l Milli E\u011fitim M\u00fcd\u00fcrl\u00fc\u011f\u00fc, e\u011fitimde yapay zeka uygulamalar\u0131n\u0131 yayg\u0131nla\u015ft\u0131rmak ve bu alanda kapsaml\u0131 bir vizyon olu\u015fturmak amac\u0131yla \u00f6nemli bir \u00e7al\u0131\u015ftaya ev sahipli\u011fi yapt\u0131. \u0130ZQ Giri\u015fimcilik ve \u0130novasyon Merkezi\u2019nde ger\u00e7ekle\u015ftirilen \u2019\u0130zmir\u2019de E\u011fitimde Yapay Zeka \u00c7al\u0131\u015ftay\u0131\u2019, 21. y\u00fczy\u0131l\u0131n gerektirdi\u011fi becerileri merkeze alan ve teknolojiyi&#8230;<\/p>\n","protected":false},"author":1,"featured_media":34389,"comment_status":"open","ping_status":"open","sticky":false,"template":"","format":"standard","meta":{"_crdt_document":"","footnotes":""},"categories":[1],"tags":[],"class_list":["post-34388","post","type-post","status-publish","format-standard","has-post-thumbnail","hentry","category-guncel"],"_links":{"self":[{"href":"https:\/\/www.egemtv.com\/index.php?rest_route=\/wp\/v2\/posts\/34388","targetHints":{"allow":["GET"]}}],"collection":[{"href":"https:\/\/www.egemtv.com\/index.php?rest_route=\/wp\/v2\/posts"}],"about":[{"href":"https:\/\/www.egemtv.com\/index.php?rest_route=\/wp\/v2\/types\/post"}],"author":[{"embeddable":true,"href":"https:\/\/www.egemtv.com\/index.php?rest_route=\/wp\/v2\/users\/1"}],"replies":[{"embeddable":true,"href":"https:\/\/www.egemtv.com\/index.php?rest_route=%2Fwp%2Fv2%2Fcomments&post=34388"}],"version-history":[{"count":1,"href":"https:\/\/www.egemtv.com\/index.php?rest_route=\/wp\/v2\/posts\/34388\/revisions"}],"predecessor-version":[{"id":34390,"href":"https:\/\/www.egemtv.com\/index.php?rest_route=\/wp\/v2\/posts\/34388\/revisions\/34390"}],"wp:featuredmedia":[{"embeddable":true,"href":"https:\/\/www.egemtv.com\/index.php?rest_route=\/wp\/v2\/media\/34389"}],"wp:attachment":[{"href":"https:\/\/www.egemtv.com\/index.php?rest_route=%2Fwp%2Fv2%2Fmedia&parent=34388"}],"wp:term":[{"taxonomy":"category","embeddable":true,"href":"https:\/\/www.egemtv.com\/index.php?rest_route=%2Fwp%2Fv2%2Fcategories&post=34388"},{"taxonomy":"post_tag","embeddable":true,"href":"https:\/\/www.egemtv.com\/index.php?rest_route=%2Fwp%2Fv2%2Ftags&post=34388"}],"curies":[{"name":"wp","href":"https:\/\/api.w.org\/{rel}","templated":true}]}}