{"id":34385,"date":"2025-06-11T17:55:35","date_gmt":"2025-06-11T14:55:35","guid":{"rendered":"https:\/\/www.egemtv.com\/?p=34385"},"modified":"2025-06-11T17:55:41","modified_gmt":"2025-06-11T14:55:41","slug":"hisarciklioglu-manisa-is-dunyasi-ile-bulustu","status":"publish","type":"post","link":"https:\/\/www.egemtv.com\/?p=34385","title":{"rendered":"Hisarc\u0131kl\u0131o\u011flu Manisa i\u015f d\u00fcnyas\u0131 ile bulu\u015ftu"},"content":{"rendered":"<p>D\u00fcnya Odalar Federasyonu ve TOBB Ba\u015fkan\u0131 Rifat Hisarc\u0131kl\u0131o\u011flu, beraberindeki heyet ile birlikte Manisa Ticaret ve Sanayi Odas\u0131 (Manisa TSO) ev sahipli\u011finde Manisa i\u015f d\u00fcnyas\u0131 ile bir araya geldi. Manisa i\u015f d\u00fcnyas\u0131na moral olan programda Manisa Ticaret ve Sanayi Odas\u0131 Y\u00f6netim Kurulu Ba\u015fkan\u0131 Mehmet Y\u0131lmaz i\u015f d\u00fcnyas\u0131nda ya\u015fanan sorunlar\u0131 Ba\u015fkan Hisarc\u0131kl\u0131o\u011flu\u2019na iletti.<br \/>\n<br \/>Manisa Ticaret ve Sanayi Odas\u0131 ba\u015fta olmak \u00fczere T\u00fcrkiye\u2019de faaliyetlerini s\u00fcrd\u00fcren t\u00fcm oda ve borsan\u0131n \u00e7at\u0131 kurulu\u015fu T\u00fcrkiye Odalar ve Borsalar Birli\u011fi\u2019nin Ba\u015fkan\u0131 Rifat Hisarc\u0131kl\u0131o\u011flu \u00e7e\u015fitli temaslarda bulunmak \u00fczere Manisa\u2019ya geldi. Bu kapsamda Manisa Ticaret ve Sanayi Odas\u0131\u2019na da geni\u015f bir b\u00f6l\u00fcm ay\u0131ran Ba\u015fkan Hisarc\u0131kl\u0131o\u011flu, Manisa i\u015f d\u00fcnyas\u0131 ile Mansia TSO oda hizmet binas\u0131nda ger\u00e7ekle\u015fen toplant\u0131s\u0131nda bir araya geldi.<\/p>\n<p>&#8220;Manisa\u2019n\u0131n sesi olmak i\u00e7in var g\u00fcc\u00fcm\u00fczle \u00e7al\u0131\u015f\u0131yoruz&#8221;<br \/>\n<br \/>Manisa il ve il\u00e7e oda ve borsa y\u00f6netim kurulu ve meclis ba\u015fkanlar\u0131n\u0131n da bulundu\u011fu toplant\u0131n\u0131n a\u00e7\u0131l\u0131\u015f\u0131nda konu\u015fan Manisa Ticaret ve Sanayi Odas\u0131 Y\u00f6netim Kurulu Ba\u015fkan\u0131 Mehmet Y\u0131lmaz., &#8220;\u00d6ncelikle ge\u00e7irdi\u011fi elim kaza sonucu hayat\u0131n\u0131 kaybeden Manisa B\u00fcy\u00fck\u015fehir Belediye Ba\u015fkan\u0131m\u0131z Mimar Ferdi Zeyrek\u2019i kaybetmenin derin \u00fcz\u00fcnt\u00fcs\u00fc i\u00e7erisindeyiz. G\u00f6z ya\u015flar\u0131 ve dualar ile kendisini son yolculu\u011fa u\u011furlad\u0131k. Tekrardan Allah\u2019tan rahmet eylesin. Kederli ailesine sab\u0131r, Manisa\u2019m\u0131za ve \u00fclkemize ba\u015f sa\u011fl\u0131\u011f\u0131 diliyorum. Ba\u015f\u0131m\u0131z sa\u011f olsun \u00e7ok \u00f6nemli bir de\u011ferimizi kaybettik. Say\u0131n Ba\u015fkan\u0131m\u0131z\u0131n odam\u0131z\u0131 ve \u015fehrimizi ziyareti bizler i\u00e7in b\u00fcy\u00fck bir onur ve mutluluk kayna\u011f\u0131d\u0131r. Manisa TSO olarak, \u00fclkemizin en k\u00f6kl\u00fc ve aktif odalar\u0131ndan biri olman\u0131n sorumlulu\u011fu ile \u00e7al\u0131\u015fmalar\u0131m\u0131z\u0131 s\u00fcrd\u00fcr\u00fcyoruz. Sanayisi, tar\u0131m\u0131 ve ihracat\u0131yla \u00fclke ekonomisine ciddi katk\u0131lar sunan Manisa\u2019n\u0131n sesi olmak i\u00e7in var g\u00fcc\u00fcm\u00fczle \u00e7al\u0131\u015f\u0131yoruz. Manisa, organize sanayi b\u00f6lgeleri, g\u00fc\u00e7l\u00fc ihracat altyap\u0131s\u0131 ve nitelikli i\u015f g\u00fcc\u00fcyle T\u00fcrkiye\u2019nin \u00fcretim \u00fcslerinden biridir. \u00d6zellikle elektrik-elektronik, beyaz e\u015fya, otomotiv yan sanayi ve tar\u0131m \u00fcr\u00fcnleriyle markala\u015fm\u0131\u015f bir kenttir. Ancak bu potansiyeli daha da ileri ta\u015f\u0131mak i\u00e7in baz\u0131 yap\u0131sal sorunlar\u0131m\u0131z\u0131n \u00e7\u00f6z\u00fclmesi gerekmektedir. TOBB\u2019un liderli\u011finde y\u00fcr\u00fct\u00fclen projeleri ve reel sekt\u00f6r\u00fcn taleplerine verdi\u011finiz g\u00fc\u00e7l\u00fc deste\u011fi takdirle izliyoruz. Bizler Manisa TSO olarak, her zaman \u00fcretimin, istihdam\u0131n ve ihracat\u0131n yan\u0131nda olduk, olmaya da devam edece\u011fiz. TOBB\u2019un liderli\u011finde i\u015f d\u00fcnyam\u0131z\u0131n gelece\u011fine umutla bak\u0131yoruz. Zat-\u0131 \u00e2linizin bu nazik ziyareti, bize hem moral hem de motivasyon kayna\u011f\u0131 olmu\u015ftur. Sizi her zaman Manisa\u2019da g\u00f6rmekten b\u00fcy\u00fck onur duyar\u0131z.&#8221; dedi.<\/p>\n<p>&#8220;T\u00fcm talep ve \u00f6nerilerinizin takip\u00e7isi olaca\u011f\u0131m&#8221;<br \/>\n<br \/>Toplant\u0131da konu\u015fan TOBB Ba\u015fkan\u0131 Rifat Hisarc\u0131kl\u0131o\u011flu, t\u00fcm vaktini kendilerini dinlemek i\u00e7in ay\u0131raca\u011f\u0131n\u0131 ifade ederek, &#8220;\u00d6ncelikte Manisa B\u00fcy\u00fck\u015fehir Belediye Ba\u015fkan\u0131m\u0131z Mimar Ferdi Zeyrek\u2019e Allahtan rahmte diliyorum. Buraya gelmeden \u00f6nce ailesine ve CHP Genel Ba\u015fkan\u0131 \u00d6zg\u00fcr \u00d6zel\u2019e taziye ziyaretinde bulunduk. \u00dcz\u00fcc\u00fc bir olay. Hepimizin ba\u015f\u0131 sa\u011f olsun. Manisa tar\u0131m ve sanayide \u00fclkemizin \u00f6nc\u00fc \u015fehirleri aras\u0131nda yer al\u0131yor. Biz TOBB olarak deste\u011fimize ihtiya\u00e7 duydu\u011funuz her \u00e7al\u0131\u015fmada yan\u0131n\u0131zda olmaya devam edece\u011fiz. Bu duygu ve d\u00fc\u015f\u00fcncelerle, sizden ald\u0131\u011f\u0131m her t\u00fcrl\u00fc talep ve \u00f6neriyi ilgili bakanl\u0131klara iletmek \u00fczere aran\u0131zday\u0131m. Benim asli g\u00f6revim bu. T\u00fcm talep ve \u00f6nerilerinizin takip\u00e7isi olaca\u011f\u0131m.&#8221; dedi.<br \/>\n<br \/>Konu\u015fmalar\u0131ndan ard\u0131ndan kat\u0131l\u0131mc\u0131lardan gelen t\u00fcm sorulara i\u00e7tenlikle cevap veren ve ya\u015fan\u0131lan sorunlarla ilgili \u00e7\u00f6z\u00fcm \u00f6nerileri \u00fcreten TOBB Ba\u015fkan\u0131 Rifat Hisarc\u0131kl\u0131o\u011flu, &#8220;\u00dcyelerimizin s\u0131k\u0131nt\u0131lar\u0131n\u0131 takip etmeye ve \u00e7\u00f6z\u00fcm \u00fcretmeye devam edece\u011fiz&#8221; diye konu\u015ftu.<br \/>\n<br \/>Yakla\u015f\u0131k 2 saat s\u00fcren toplant\u0131 sonunda kat\u0131l\u0131mc\u0131lar ve TOBB Ba\u015fkan\u0131 Rifat Hisarc\u0131kl\u0131o\u011flu hat\u0131ra foto\u011fraf\u0131 \u00e7ekildi.<br \/><\/p>\n","protected":false},"excerpt":{"rendered":"<p>D\u00fcnya Odalar Federasyonu ve TOBB Ba\u015fkan\u0131 Rifat Hisarc\u0131kl\u0131o\u011flu, beraberindeki heyet ile birlikte Manisa Ticaret ve Sanayi Odas\u0131 (Manisa TSO) ev sahipli\u011finde Manisa i\u015f d\u00fcnyas\u0131 ile bir araya geldi. Manisa i\u015f d\u00fcnyas\u0131na moral olan programda Manisa Ticaret ve Sanayi Odas\u0131 Y\u00f6netim Kurulu Ba\u015fkan\u0131 Mehmet Y\u0131lmaz i\u015f d\u00fcnyas\u0131nda ya\u015fanan sorunlar\u0131 Ba\u015fkan Hisarc\u0131kl\u0131o\u011flu\u2019na iletti. Manisa Ticaret ve Sanayi&#8230;<\/p>\n","protected":false},"author":1,"featured_media":34386,"comment_status":"open","ping_status":"open","sticky":false,"template":"","format":"standard","meta":{"_crdt_document":"","footnotes":""},"categories":[125],"tags":[],"class_list":["post-34385","post","type-post","status-publish","format-standard","has-post-thumbnail","hentry","category-ekonomi"],"_links":{"self":[{"href":"https:\/\/www.egemtv.com\/index.php?rest_route=\/wp\/v2\/posts\/34385","targetHints":{"allow":["GET"]}}],"collection":[{"href":"https:\/\/www.egemtv.com\/index.php?rest_route=\/wp\/v2\/posts"}],"about":[{"href":"https:\/\/www.egemtv.com\/index.php?rest_route=\/wp\/v2\/types\/post"}],"author":[{"embeddable":true,"href":"https:\/\/www.egemtv.com\/index.php?rest_route=\/wp\/v2\/users\/1"}],"replies":[{"embeddable":true,"href":"https:\/\/www.egemtv.com\/index.php?rest_route=%2Fwp%2Fv2%2Fcomments&post=34385"}],"version-history":[{"count":1,"href":"https:\/\/www.egemtv.com\/index.php?rest_route=\/wp\/v2\/posts\/34385\/revisions"}],"predecessor-version":[{"id":34387,"href":"https:\/\/www.egemtv.com\/index.php?rest_route=\/wp\/v2\/posts\/34385\/revisions\/34387"}],"wp:featuredmedia":[{"embeddable":true,"href":"https:\/\/www.egemtv.com\/index.php?rest_route=\/wp\/v2\/media\/34386"}],"wp:attachment":[{"href":"https:\/\/www.egemtv.com\/index.php?rest_route=%2Fwp%2Fv2%2Fmedia&parent=34385"}],"wp:term":[{"taxonomy":"category","embeddable":true,"href":"https:\/\/www.egemtv.com\/index.php?rest_route=%2Fwp%2Fv2%2Fcategories&post=34385"},{"taxonomy":"post_tag","embeddable":true,"href":"https:\/\/www.egemtv.com\/index.php?rest_route=%2Fwp%2Fv2%2Ftags&post=34385"}],"curies":[{"name":"wp","href":"https:\/\/api.w.org\/{rel}","templated":true}]}}