{"id":34382,"date":"2025-06-11T17:55:32","date_gmt":"2025-06-11T14:55:32","guid":{"rendered":"https:\/\/www.egemtv.com\/?p=34382"},"modified":"2025-06-11T17:55:35","modified_gmt":"2025-06-11T14:55:35","slug":"kusadasinda-turizmcinin-yuzu-guluyor","status":"publish","type":"post","link":"https:\/\/www.egemtv.com\/?p=34382","title":{"rendered":"Ku\u015fadas\u0131\u2019nda turizmcinin y\u00fcz\u00fc g\u00fcl\u00fcyor"},"content":{"rendered":"<p>Ayd\u0131n\u2019\u0131n Ku\u015fadas\u0131 il\u00e7esindeki otellerde Kurban Bayram\u0131\u2019nda yo\u011funlu\u011fun y\u00fczde 100\u2019\u00fc bulmas\u0131 turizmcilerin y\u00fcz\u00fcn\u00fc g\u00fcld\u00fcrd\u00fc. T\u00fcrkiye Otelciler Federasyonu Ba\u015fkan Yard\u0131mc\u0131s\u0131 (T\u00dcROFED) Tacettin \u00d6zden, Ku\u015fadas\u0131\u2019nda iyi bir turizm sezonu ge\u00e7ireceklerini s\u00f6yledi.<\/p>\n<p>Kurban Bayram\u0131 tatili i\u00e7in en \u00e7ok tercih edilen turistik il\u00e7elerden biri Ku\u015fadas\u0131 oldu. D\u00f6rt g\u00fcnl\u00fck tatil boyunca il\u00e7eye g\u00fcn\u00fcbirlik ziyaret\u00e7ilerle birlikte 1,5 milyon yerli turist geldi. Tatilciler, g\u00fcnd\u00fcz Ku\u015fadas\u0131\u2019n\u0131n Mavi bayrakl\u0131 plajlar\u0131nda denize girip, g\u00fcne\u015flendi. Ak\u015famlar\u0131 ise kafe ve restoranlar\u0131 doldurup turizmci ve esnaf\u0131n y\u00fcz\u00fcn\u00fc g\u00fcld\u00fcrd\u00fc.<\/p>\n<p>Ku\u015fadas\u0131\u2019ndaki bayram hareketlili\u011fini de\u011ferlendiren T\u00dcROFED Ba\u015fkan Yard\u0131mc\u0131s\u0131 Tacettin \u00d6zden, &#8220;Ku\u015fadas\u0131\u2019na Kurban Bayram\u0131 s\u00fcresince yo\u011fun ara\u00e7 ve insan trafi\u011fi ya\u015fand\u0131. Doluluk oranlar\u0131 bizleri memnun etti. Yerli turistler evlerine d\u00f6nmelerine ra\u011fmen otellerdeki doluluk oranlar\u0131 yabanc\u0131 turistler sayesinde hala y\u00fcksek seviyelerde. \u015eu an Ku\u015fadas\u0131\u2019ndaki otellerde a\u011f\u0131rl\u0131kl\u0131 olarak \u0130ngiliz ve Alman turistler var. Hollanda ve Bel\u00e7ika\u2019dan da gelen \u00e7ok misafir bulunuyor. \u0130lerleyen g\u00fcnlerde yabanc\u0131 turist yelpazesi daha da geni\u015fleyecek. Tabi okullar\u0131n kapanmas\u0131n\u0131 da bekliyoruz. T\u00fcm bunlara bakt\u0131\u011f\u0131m\u0131zda 2025 y\u0131l\u0131 yaz sezonu ge\u00e7en sezona g\u00f6re \u00e7ok daha iyi ge\u00e7ecek&#8221; diye konu\u015ftu.<br \/><\/p>\n","protected":false},"excerpt":{"rendered":"<p>Ayd\u0131n\u2019\u0131n Ku\u015fadas\u0131 il\u00e7esindeki otellerde Kurban Bayram\u0131\u2019nda yo\u011funlu\u011fun y\u00fczde 100\u2019\u00fc bulmas\u0131 turizmcilerin y\u00fcz\u00fcn\u00fc g\u00fcld\u00fcrd\u00fc. T\u00fcrkiye Otelciler Federasyonu Ba\u015fkan Yard\u0131mc\u0131s\u0131 (T\u00dcROFED) Tacettin \u00d6zden, Ku\u015fadas\u0131\u2019nda iyi bir turizm sezonu ge\u00e7ireceklerini s\u00f6yledi. Kurban Bayram\u0131 tatili i\u00e7in en \u00e7ok tercih edilen turistik il\u00e7elerden biri Ku\u015fadas\u0131 oldu. D\u00f6rt g\u00fcnl\u00fck tatil boyunca il\u00e7eye g\u00fcn\u00fcbirlik ziyaret\u00e7ilerle birlikte 1,5 milyon yerli turist geldi. Tatilciler,&#8230;<\/p>\n","protected":false},"author":1,"featured_media":34383,"comment_status":"open","ping_status":"open","sticky":false,"template":"","format":"standard","meta":{"_crdt_document":"","footnotes":""},"categories":[125],"tags":[],"class_list":["post-34382","post","type-post","status-publish","format-standard","has-post-thumbnail","hentry","category-ekonomi"],"_links":{"self":[{"href":"https:\/\/www.egemtv.com\/index.php?rest_route=\/wp\/v2\/posts\/34382","targetHints":{"allow":["GET"]}}],"collection":[{"href":"https:\/\/www.egemtv.com\/index.php?rest_route=\/wp\/v2\/posts"}],"about":[{"href":"https:\/\/www.egemtv.com\/index.php?rest_route=\/wp\/v2\/types\/post"}],"author":[{"embeddable":true,"href":"https:\/\/www.egemtv.com\/index.php?rest_route=\/wp\/v2\/users\/1"}],"replies":[{"embeddable":true,"href":"https:\/\/www.egemtv.com\/index.php?rest_route=%2Fwp%2Fv2%2Fcomments&post=34382"}],"version-history":[{"count":1,"href":"https:\/\/www.egemtv.com\/index.php?rest_route=\/wp\/v2\/posts\/34382\/revisions"}],"predecessor-version":[{"id":34384,"href":"https:\/\/www.egemtv.com\/index.php?rest_route=\/wp\/v2\/posts\/34382\/revisions\/34384"}],"wp:featuredmedia":[{"embeddable":true,"href":"https:\/\/www.egemtv.com\/index.php?rest_route=\/wp\/v2\/media\/34383"}],"wp:attachment":[{"href":"https:\/\/www.egemtv.com\/index.php?rest_route=%2Fwp%2Fv2%2Fmedia&parent=34382"}],"wp:term":[{"taxonomy":"category","embeddable":true,"href":"https:\/\/www.egemtv.com\/index.php?rest_route=%2Fwp%2Fv2%2Fcategories&post=34382"},{"taxonomy":"post_tag","embeddable":true,"href":"https:\/\/www.egemtv.com\/index.php?rest_route=%2Fwp%2Fv2%2Ftags&post=34382"}],"curies":[{"name":"wp","href":"https:\/\/api.w.org\/{rel}","templated":true}]}}