{"id":34379,"date":"2025-06-11T17:55:29","date_gmt":"2025-06-11T14:55:29","guid":{"rendered":"https:\/\/www.egemtv.com\/?p=34379"},"modified":"2025-06-11T17:55:31","modified_gmt":"2025-06-11T14:55:31","slug":"didimdeki-tur-otobusune-saldiri-kinandi","status":"publish","type":"post","link":"https:\/\/www.egemtv.com\/?p=34379","title":{"rendered":"Didim\u2019deki tur otob\u00fcs\u00fcne sald\u0131r\u0131 k\u0131nand\u0131"},"content":{"rendered":"<p>Ayd\u0131n\u2019\u0131n Didim il\u00e7esinde meydana gelen tur otob\u00fcs\u00fcne y\u00f6nelik sald\u0131r\u0131 k\u0131nand\u0131.<br \/>\n<br \/>T\u00dcRSAB taraf\u0131ndan yap\u0131lan a\u00e7\u0131klamada, &#8220;10 Haziran 2025 tarihinde Ayd\u0131n\u2019\u0131n Didim il\u00e7esinde tur faaliyeti ger\u00e7ekle\u015ftiren ve i\u00e7erisinde yabanc\u0131 turistlerin bulundu\u011fu tur otob\u00fcs\u00fcne y\u00f6nelik ger\u00e7ekle\u015ftirilen sald\u0131r\u0131y\u0131 esefle k\u0131n\u0131yoruz. Turistlerin bulundu\u011fu otob\u00fcse y\u00f6nelik ta\u015fl\u0131 sald\u0131r\u0131, T\u00fcrk turizmine, misafirperverli\u011fimize ve Anayasal seyahat \u00f6zg\u00fcrl\u00fc\u011f\u00fcne y\u00f6nelik kabul edilemez bir tehdittir. Sekt\u00f6r emek\u00e7ilerimizin ve yabanc\u0131 turistlerin can g\u00fcvenli\u011fini riske atan bu hukuk d\u0131\u015f\u0131 eylemi k\u0131n\u0131yor; T\u00dcRSAB olarak turizmin huzur ve g\u00fcven ortam\u0131nda s\u00fcrd\u00fcr\u00fclebilmesi i\u00e7in her t\u00fcrl\u00fc \u015fiddetin kar\u015f\u0131s\u0131nda oldu\u011fumuzu belirtmek istiyoruz. Olay\u0131n hemen ard\u0131ndan sald\u0131rganlar\u0131n yakalanmas\u0131 i\u00e7in s\u00fcratle harekete ge\u00e7en ba\u015fta \u0130\u00e7i\u015fleri Bakanl\u0131\u011f\u0131m\u0131z olmak \u00fczere, Didim \u0130l\u00e7e Emniyet M\u00fcd\u00fcrl\u00fc\u011f\u00fc ve kolluk kuvvetlerimize desteklerinden dolay\u0131 te\u015fekk\u00fcr ediyor, benzer olaylar\u0131n bir kez daha ya\u015fanmamas\u0131n\u0131 temennisi ile menfur sald\u0131r\u0131ya maruz kalan misafirlerimize ge\u00e7mi\u015f olsun dileklerimizi iletiyoruz&#8221; denildi.<br \/><\/p>\n","protected":false},"excerpt":{"rendered":"<p>Ayd\u0131n\u2019\u0131n Didim il\u00e7esinde meydana gelen tur otob\u00fcs\u00fcne y\u00f6nelik sald\u0131r\u0131 k\u0131nand\u0131. T\u00dcRSAB taraf\u0131ndan yap\u0131lan a\u00e7\u0131klamada, &#8220;10 Haziran 2025 tarihinde Ayd\u0131n\u2019\u0131n Didim il\u00e7esinde tur faaliyeti ger\u00e7ekle\u015ftiren ve i\u00e7erisinde yabanc\u0131 turistlerin bulundu\u011fu tur otob\u00fcs\u00fcne y\u00f6nelik ger\u00e7ekle\u015ftirilen sald\u0131r\u0131y\u0131 esefle k\u0131n\u0131yoruz. Turistlerin bulundu\u011fu otob\u00fcse y\u00f6nelik ta\u015fl\u0131 sald\u0131r\u0131, T\u00fcrk turizmine, misafirperverli\u011fimize ve Anayasal seyahat \u00f6zg\u00fcrl\u00fc\u011f\u00fcne y\u00f6nelik kabul edilemez bir tehdittir. Sekt\u00f6r&#8230;<\/p>\n","protected":false},"author":1,"featured_media":34380,"comment_status":"open","ping_status":"open","sticky":false,"template":"","format":"standard","meta":{"_crdt_document":"","footnotes":""},"categories":[1],"tags":[],"class_list":["post-34379","post","type-post","status-publish","format-standard","has-post-thumbnail","hentry","category-guncel"],"_links":{"self":[{"href":"https:\/\/www.egemtv.com\/index.php?rest_route=\/wp\/v2\/posts\/34379","targetHints":{"allow":["GET"]}}],"collection":[{"href":"https:\/\/www.egemtv.com\/index.php?rest_route=\/wp\/v2\/posts"}],"about":[{"href":"https:\/\/www.egemtv.com\/index.php?rest_route=\/wp\/v2\/types\/post"}],"author":[{"embeddable":true,"href":"https:\/\/www.egemtv.com\/index.php?rest_route=\/wp\/v2\/users\/1"}],"replies":[{"embeddable":true,"href":"https:\/\/www.egemtv.com\/index.php?rest_route=%2Fwp%2Fv2%2Fcomments&post=34379"}],"version-history":[{"count":1,"href":"https:\/\/www.egemtv.com\/index.php?rest_route=\/wp\/v2\/posts\/34379\/revisions"}],"predecessor-version":[{"id":34381,"href":"https:\/\/www.egemtv.com\/index.php?rest_route=\/wp\/v2\/posts\/34379\/revisions\/34381"}],"wp:featuredmedia":[{"embeddable":true,"href":"https:\/\/www.egemtv.com\/index.php?rest_route=\/wp\/v2\/media\/34380"}],"wp:attachment":[{"href":"https:\/\/www.egemtv.com\/index.php?rest_route=%2Fwp%2Fv2%2Fmedia&parent=34379"}],"wp:term":[{"taxonomy":"category","embeddable":true,"href":"https:\/\/www.egemtv.com\/index.php?rest_route=%2Fwp%2Fv2%2Fcategories&post=34379"},{"taxonomy":"post_tag","embeddable":true,"href":"https:\/\/www.egemtv.com\/index.php?rest_route=%2Fwp%2Fv2%2Ftags&post=34379"}],"curies":[{"name":"wp","href":"https:\/\/api.w.org\/{rel}","templated":true}]}}