{"id":34376,"date":"2025-06-11T17:55:26","date_gmt":"2025-06-11T14:55:26","guid":{"rendered":"https:\/\/www.egemtv.com\/?p=34376"},"modified":"2025-06-11T17:55:29","modified_gmt":"2025-06-11T14:55:29","slug":"tur-otobusune-saldiran-bes-supheli-tutuklandi","status":"publish","type":"post","link":"https:\/\/www.egemtv.com\/?p=34376","title":{"rendered":"Tur otob\u00fcs\u00fcne sald\u0131ran be\u015f \u015f\u00fcpheli tutukland\u0131"},"content":{"rendered":"<p>Ayd\u0131n\u2019\u0131n Didim il\u00e7esinde trafikte \u00e7\u0131kan tart\u0131\u015fman\u0131n ard\u0131ndan yabanc\u0131 turistleri ta\u015f\u0131yan tur otob\u00fcs\u00fcne ta\u015fl\u0131 sald\u0131r\u0131da bulunan 5 \u015f\u00fcpheli, \u00e7\u0131kar\u0131ld\u0131klar\u0131 mahkemede tutukland\u0131.<\/p>\n<p>Edinilen bilgiye g\u00f6re, s\u00fcr\u00fcc\u00fcl\u00fc\u011f\u00fcn\u00fc K.E.\u00b4nin (58) yapt\u0131\u011f\u0131 ve i\u00e7erisinde yabanc\u0131 turistlerin bulundu\u011fu tur otob\u00fcs\u00fc, Akb\u00fck Mahallesinde hen\u00fcz belirlenemeyen bir nedenle bir otomobildeki ki\u015filerle trafikte tart\u0131\u015fmaya girdi. Tart\u0131\u015fman\u0131n b\u00fcy\u00fcmesi \u00fczerine otomobildeki ki\u015filer, otob\u00fcs\u00fcn \u00f6n\u00fcn\u00fc keserek s\u00fcr\u00fcc\u00fcye hakaret etti ve arac\u0131 ta\u015flad\u0131. Sald\u0131r\u0131 anlar\u0131, otob\u00fcs i\u00e7erisindeki yolcular taraf\u0131ndan cep telefonu kameras\u0131yla kaydedildi. Sald\u0131r\u0131 sonucunda hafif \u015fekilde yaralanan otob\u00fcs s\u00fcr\u00fcc\u00fcs\u00fc K.E., ihbar \u00fczerine olay yerine gelen sa\u011fl\u0131k ekipleri taraf\u0131ndan ambulansla Didim Devlet Hastanesi\u2019ne kald\u0131r\u0131ld\u0131.<\/p>\n<p>Olay\u0131n ard\u0131ndan b\u00f6lgede inceleme ba\u015flatan jandarma ekipleri, sald\u0131r\u0131ya kar\u0131\u015ft\u0131\u011f\u0131 belirlenen 5 \u015f\u00fcpheliyi g\u00f6zalt\u0131na ald\u0131. Sabah adliyeye sevk edilen \u0130.H.K(25), M.K(30), M.K(31), M.T(27) ve M.K(27) isimli \u015f\u00fcpheliler \u00e7\u0131kar\u0131ld\u0131klar\u0131 mahkemede tutukland\u0131.<br \/><\/p>\n","protected":false},"excerpt":{"rendered":"<p>Ayd\u0131n\u2019\u0131n Didim il\u00e7esinde trafikte \u00e7\u0131kan tart\u0131\u015fman\u0131n ard\u0131ndan yabanc\u0131 turistleri ta\u015f\u0131yan tur otob\u00fcs\u00fcne ta\u015fl\u0131 sald\u0131r\u0131da bulunan 5 \u015f\u00fcpheli, \u00e7\u0131kar\u0131ld\u0131klar\u0131 mahkemede tutukland\u0131. Edinilen bilgiye g\u00f6re, s\u00fcr\u00fcc\u00fcl\u00fc\u011f\u00fcn\u00fc K.E.\u00b4nin (58) yapt\u0131\u011f\u0131 ve i\u00e7erisinde yabanc\u0131 turistlerin bulundu\u011fu tur otob\u00fcs\u00fc, Akb\u00fck Mahallesinde hen\u00fcz belirlenemeyen bir nedenle bir otomobildeki ki\u015filerle trafikte tart\u0131\u015fmaya girdi. Tart\u0131\u015fman\u0131n b\u00fcy\u00fcmesi \u00fczerine otomobildeki ki\u015filer, otob\u00fcs\u00fcn \u00f6n\u00fcn\u00fc keserek s\u00fcr\u00fcc\u00fcye&#8230;<\/p>\n","protected":false},"author":1,"featured_media":34377,"comment_status":"open","ping_status":"open","sticky":false,"template":"","format":"standard","meta":{"_crdt_document":"","footnotes":""},"categories":[5],"tags":[],"class_list":["post-34376","post","type-post","status-publish","format-standard","has-post-thumbnail","hentry","category-asayis"],"_links":{"self":[{"href":"https:\/\/www.egemtv.com\/index.php?rest_route=\/wp\/v2\/posts\/34376","targetHints":{"allow":["GET"]}}],"collection":[{"href":"https:\/\/www.egemtv.com\/index.php?rest_route=\/wp\/v2\/posts"}],"about":[{"href":"https:\/\/www.egemtv.com\/index.php?rest_route=\/wp\/v2\/types\/post"}],"author":[{"embeddable":true,"href":"https:\/\/www.egemtv.com\/index.php?rest_route=\/wp\/v2\/users\/1"}],"replies":[{"embeddable":true,"href":"https:\/\/www.egemtv.com\/index.php?rest_route=%2Fwp%2Fv2%2Fcomments&post=34376"}],"version-history":[{"count":1,"href":"https:\/\/www.egemtv.com\/index.php?rest_route=\/wp\/v2\/posts\/34376\/revisions"}],"predecessor-version":[{"id":34378,"href":"https:\/\/www.egemtv.com\/index.php?rest_route=\/wp\/v2\/posts\/34376\/revisions\/34378"}],"wp:featuredmedia":[{"embeddable":true,"href":"https:\/\/www.egemtv.com\/index.php?rest_route=\/wp\/v2\/media\/34377"}],"wp:attachment":[{"href":"https:\/\/www.egemtv.com\/index.php?rest_route=%2Fwp%2Fv2%2Fmedia&parent=34376"}],"wp:term":[{"taxonomy":"category","embeddable":true,"href":"https:\/\/www.egemtv.com\/index.php?rest_route=%2Fwp%2Fv2%2Fcategories&post=34376"},{"taxonomy":"post_tag","embeddable":true,"href":"https:\/\/www.egemtv.com\/index.php?rest_route=%2Fwp%2Fv2%2Ftags&post=34376"}],"curies":[{"name":"wp","href":"https:\/\/api.w.org\/{rel}","templated":true}]}}