{"id":34373,"date":"2025-06-11T17:36:10","date_gmt":"2025-06-11T14:36:10","guid":{"rendered":"https:\/\/www.egemtv.com\/?p=34373"},"modified":"2025-06-11T17:36:15","modified_gmt":"2025-06-11T14:36:15","slug":"ekili-alanda-cikan-yangin-kisa-surede-kontrol-altina-alindi","status":"publish","type":"post","link":"https:\/\/www.egemtv.com\/?p=34373","title":{"rendered":"Ekili alanda \u00e7\u0131kan yang\u0131n k\u0131sa s\u00fcrede kontrol alt\u0131na al\u0131nd\u0131"},"content":{"rendered":"<p>Manisa\u2019n\u0131n Kula il\u00e7esinde bu\u011fday ekili alanda yang\u0131n \u00e7\u0131kt\u0131. Yang\u0131n, itfaiye, orman ekipleri ve vatanda\u015flar\u0131n h\u0131zl\u0131 m\u00fcdahalesiyle b\u00fcy\u00fcmeden kontrol alt\u0131na al\u0131nd\u0131.<br \/>\n<br \/>Yang\u0131n saat, 15.00 s\u0131ralar\u0131nda Kula il\u00e7esine ba\u011fl\u0131 K\u00f6rez Mahallesi K\u00f6zkaya mevkiinde meydana geldi. Hen\u00fcz neden \u00e7\u0131kt\u0131\u011f\u0131 belirlenemeyen yang\u0131n; itfaiye, orman ekipleri, belediye personelleri ve vatanda\u015flar\u0131n h\u0131zl\u0131 m\u00fcdahalesiyle b\u00fcy\u00fcmeden kontrol alt\u0131na al\u0131nd\u0131. Alevlerden y\u00fckselen dumanlar\u0131 g\u00f6ren vatanda\u015flar\u0131n 112 Acil \u00c7a\u011fr\u0131 Merkezi\u2019ne bildirmesi \u00fczerine olay yerine Manisa B\u00fcy\u00fck\u015fehir Belediyesi Kula \u0130tfaiye Amirli\u011fi ekipleri, Orman \u0130\u015fletme M\u00fcd\u00fcrl\u00fc\u011f\u00fc\u2019ne ba\u011fl\u0131 araz\u00f6zler ve personel sevk edildi. Yang\u0131na k\u0131sa s\u00fcrede m\u00fcdahale eden ekipler, b\u00f6lgedeki vatanda\u015flar\u0131n da trakt\u00f6rleriyle verdi\u011fi destek sayesinde alevleri k\u0131sa s\u00fcrede kontrol alt\u0131na ald\u0131. Yang\u0131nda herhangi bir can kayb\u0131 ya\u015fanmazken, bu\u011fday ekili arazide maddi zarar meydana geldi.<br \/>\n<br \/>Olayla ilgili Kula \u0130l\u00e7e Jandarma Komutanl\u0131\u011f\u0131 ekiplerince inceleme ba\u015flat\u0131ld\u0131.<br \/><\/p>\n","protected":false},"excerpt":{"rendered":"<p>Manisa\u2019n\u0131n Kula il\u00e7esinde bu\u011fday ekili alanda yang\u0131n \u00e7\u0131kt\u0131. Yang\u0131n, itfaiye, orman ekipleri ve vatanda\u015flar\u0131n h\u0131zl\u0131 m\u00fcdahalesiyle b\u00fcy\u00fcmeden kontrol alt\u0131na al\u0131nd\u0131. Yang\u0131n saat, 15.00 s\u0131ralar\u0131nda Kula il\u00e7esine ba\u011fl\u0131 K\u00f6rez Mahallesi K\u00f6zkaya mevkiinde meydana geldi. Hen\u00fcz neden \u00e7\u0131kt\u0131\u011f\u0131 belirlenemeyen yang\u0131n; itfaiye, orman ekipleri, belediye personelleri ve vatanda\u015flar\u0131n h\u0131zl\u0131 m\u00fcdahalesiyle b\u00fcy\u00fcmeden kontrol alt\u0131na al\u0131nd\u0131. Alevlerden y\u00fckselen dumanlar\u0131 g\u00f6ren&#8230;<\/p>\n","protected":false},"author":1,"featured_media":34374,"comment_status":"open","ping_status":"open","sticky":false,"template":"","format":"standard","meta":{"_crdt_document":"","footnotes":""},"categories":[5],"tags":[],"class_list":["post-34373","post","type-post","status-publish","format-standard","has-post-thumbnail","hentry","category-asayis"],"_links":{"self":[{"href":"https:\/\/www.egemtv.com\/index.php?rest_route=\/wp\/v2\/posts\/34373","targetHints":{"allow":["GET"]}}],"collection":[{"href":"https:\/\/www.egemtv.com\/index.php?rest_route=\/wp\/v2\/posts"}],"about":[{"href":"https:\/\/www.egemtv.com\/index.php?rest_route=\/wp\/v2\/types\/post"}],"author":[{"embeddable":true,"href":"https:\/\/www.egemtv.com\/index.php?rest_route=\/wp\/v2\/users\/1"}],"replies":[{"embeddable":true,"href":"https:\/\/www.egemtv.com\/index.php?rest_route=%2Fwp%2Fv2%2Fcomments&post=34373"}],"version-history":[{"count":1,"href":"https:\/\/www.egemtv.com\/index.php?rest_route=\/wp\/v2\/posts\/34373\/revisions"}],"predecessor-version":[{"id":34375,"href":"https:\/\/www.egemtv.com\/index.php?rest_route=\/wp\/v2\/posts\/34373\/revisions\/34375"}],"wp:featuredmedia":[{"embeddable":true,"href":"https:\/\/www.egemtv.com\/index.php?rest_route=\/wp\/v2\/media\/34374"}],"wp:attachment":[{"href":"https:\/\/www.egemtv.com\/index.php?rest_route=%2Fwp%2Fv2%2Fmedia&parent=34373"}],"wp:term":[{"taxonomy":"category","embeddable":true,"href":"https:\/\/www.egemtv.com\/index.php?rest_route=%2Fwp%2Fv2%2Fcategories&post=34373"},{"taxonomy":"post_tag","embeddable":true,"href":"https:\/\/www.egemtv.com\/index.php?rest_route=%2Fwp%2Fv2%2Ftags&post=34373"}],"curies":[{"name":"wp","href":"https:\/\/api.w.org\/{rel}","templated":true}]}}