{"id":34367,"date":"2025-06-11T17:15:42","date_gmt":"2025-06-11T14:15:42","guid":{"rendered":"https:\/\/www.egemtv.com\/?p=34367"},"modified":"2025-06-11T17:15:46","modified_gmt":"2025-06-11T14:15:46","slug":"cesme-aciklarinda-korku-dolu-anlar-42-kacak-gocmen-kurtarildi","status":"publish","type":"post","link":"https:\/\/www.egemtv.com\/?p=34367","title":{"rendered":"\u00c7e\u015fme a\u00e7\u0131klar\u0131nda korku dolu anlar: 42 ka\u00e7ak g\u00f6\u00e7men kurtar\u0131ld\u0131"},"content":{"rendered":"<p>\u0130zmir\u2019in \u00c7e\u015fme il\u00e7esi a\u00e7\u0131klar\u0131nda, motor ar\u0131zas\u0131 nedeniyle denizde s\u00fcr\u00fcklenen lastik bottaki 42 d\u00fczensiz g\u00f6\u00e7men Sahil G\u00fcvenlik ekiplerince kurtar\u0131ld\u0131.<br \/>\n<br \/>10 Haziran saat 04.35 s\u0131ralar\u0131nda, motor ar\u0131zas\u0131 nedeniyle denizde s\u00fcr\u00fcklenen ve i\u00e7erisinde 1\u2019i \u00e7ocuk 42 d\u00fczensiz g\u00f6\u00e7men bulunan lastik bottan yard\u0131m \u00e7a\u011fr\u0131s\u0131 al\u0131nmas\u0131n\u0131n ard\u0131ndan, Sahil G\u00fcvenlik Komutanl\u0131\u011f\u0131\u2019na ba\u011fl\u0131 TCSG-30 botu h\u0131zla b\u00f6lgeye y\u00f6nlendirildi. Yap\u0131lan m\u00fcdahalede, g\u00f6\u00e7menler kurtar\u0131larak Sahil G\u00fcvenlik botuna al\u0131nd\u0131.<br \/>\n<br \/>Avrupa\u2019ya ge\u00e7i\u015f yapmak amac\u0131yla yasa d\u0131\u015f\u0131 yollarla denize a\u00e7\u0131ld\u0131klar\u0131 tahmin edilen Eritre, Sudan, Etiyopya, Yemen, Somali as\u0131ll\u0131 g\u00f6\u00e7menler, i\u015flemlerinin ard\u0131ndan \u0130l G\u00f6\u00e7 \u0130daresi M\u00fcd\u00fcrl\u00fc\u011f\u00fc\u2019ne teslim edildi.<br \/><\/p>\n","protected":false},"excerpt":{"rendered":"<p>\u0130zmir\u2019in \u00c7e\u015fme il\u00e7esi a\u00e7\u0131klar\u0131nda, motor ar\u0131zas\u0131 nedeniyle denizde s\u00fcr\u00fcklenen lastik bottaki 42 d\u00fczensiz g\u00f6\u00e7men Sahil G\u00fcvenlik ekiplerince kurtar\u0131ld\u0131. 10 Haziran saat 04.35 s\u0131ralar\u0131nda, motor ar\u0131zas\u0131 nedeniyle denizde s\u00fcr\u00fcklenen ve i\u00e7erisinde 1\u2019i \u00e7ocuk 42 d\u00fczensiz g\u00f6\u00e7men bulunan lastik bottan yard\u0131m \u00e7a\u011fr\u0131s\u0131 al\u0131nmas\u0131n\u0131n ard\u0131ndan, Sahil G\u00fcvenlik Komutanl\u0131\u011f\u0131\u2019na ba\u011fl\u0131 TCSG-30 botu h\u0131zla b\u00f6lgeye y\u00f6nlendirildi. Yap\u0131lan m\u00fcdahalede, g\u00f6\u00e7menler kurtar\u0131larak&#8230;<\/p>\n","protected":false},"author":1,"featured_media":34368,"comment_status":"open","ping_status":"open","sticky":false,"template":"","format":"standard","meta":{"_crdt_document":"","footnotes":""},"categories":[5],"tags":[],"class_list":["post-34367","post","type-post","status-publish","format-standard","has-post-thumbnail","hentry","category-asayis"],"_links":{"self":[{"href":"https:\/\/www.egemtv.com\/index.php?rest_route=\/wp\/v2\/posts\/34367","targetHints":{"allow":["GET"]}}],"collection":[{"href":"https:\/\/www.egemtv.com\/index.php?rest_route=\/wp\/v2\/posts"}],"about":[{"href":"https:\/\/www.egemtv.com\/index.php?rest_route=\/wp\/v2\/types\/post"}],"author":[{"embeddable":true,"href":"https:\/\/www.egemtv.com\/index.php?rest_route=\/wp\/v2\/users\/1"}],"replies":[{"embeddable":true,"href":"https:\/\/www.egemtv.com\/index.php?rest_route=%2Fwp%2Fv2%2Fcomments&post=34367"}],"version-history":[{"count":1,"href":"https:\/\/www.egemtv.com\/index.php?rest_route=\/wp\/v2\/posts\/34367\/revisions"}],"predecessor-version":[{"id":34369,"href":"https:\/\/www.egemtv.com\/index.php?rest_route=\/wp\/v2\/posts\/34367\/revisions\/34369"}],"wp:featuredmedia":[{"embeddable":true,"href":"https:\/\/www.egemtv.com\/index.php?rest_route=\/wp\/v2\/media\/34368"}],"wp:attachment":[{"href":"https:\/\/www.egemtv.com\/index.php?rest_route=%2Fwp%2Fv2%2Fmedia&parent=34367"}],"wp:term":[{"taxonomy":"category","embeddable":true,"href":"https:\/\/www.egemtv.com\/index.php?rest_route=%2Fwp%2Fv2%2Fcategories&post=34367"},{"taxonomy":"post_tag","embeddable":true,"href":"https:\/\/www.egemtv.com\/index.php?rest_route=%2Fwp%2Fv2%2Ftags&post=34367"}],"curies":[{"name":"wp","href":"https:\/\/api.w.org\/{rel}","templated":true}]}}