{"id":34364,"date":"2025-06-11T16:56:27","date_gmt":"2025-06-11T13:56:27","guid":{"rendered":"https:\/\/www.egemtv.com\/?p=34364"},"modified":"2025-06-11T16:56:34","modified_gmt":"2025-06-11T13:56:34","slug":"bodrumdaki-yangin-buyumeden-sonduruldu","status":"publish","type":"post","link":"https:\/\/www.egemtv.com\/?p=34364","title":{"rendered":"Bodrum\u2019daki yang\u0131n b\u00fcy\u00fcmeden s\u00f6nd\u00fcr\u00fcld\u00fc"},"content":{"rendered":"<p>Mu\u011fla\u2019n\u0131n Bodrum il\u00e7esinde otluk ve a\u011fa\u00e7l\u0131k alanda \u00e7\u0131kan yang\u0131n itfaiye ekiplerinin h\u0131zl\u0131 m\u00fcdahalesi ile b\u00fcy\u00fcmeden s\u00f6nd\u00fcr\u00fcld\u00fc.<\/p>\n<p>Yang\u0131n, G\u00fcndo\u011fan Mahallesi K\u0131z\u0131lburun mevkiinde meydana geldi. Edinilen bilgiye g\u00f6re, b\u00f6lgede hen\u00fcz bilinmeyen bir nedenle yang\u0131n \u00e7\u0131kt\u0131. Alevleri fark eden vatanda\u015flar durumu 112 Acil \u00c7a\u011fr\u0131 Merkezi\u2019ne bildirdi. \u0130hbar \u00fczerine b\u00f6lgeye itfaiye ekipleri sevk edildi. K\u0131sa s\u00fcrede olay yerine gelen Mu\u011fla B\u00fcy\u00fck\u015fehir Belediyesi \u0130tfaiye Daire Ba\u015fkanl\u0131\u011f\u0131 ekipleri yang\u0131na m\u00fcdahale etti. Ekiplerin zaman\u0131nda m\u00fcdahalesi ile alevler b\u00fcy\u00fcmeden kontrol alt\u0131na al\u0131nd\u0131.<\/p>\n<p>Olayla ilgili soru\u015fturma s\u00fcr\u00fcyor.<br \/><\/p>\n","protected":false},"excerpt":{"rendered":"<p>Mu\u011fla\u2019n\u0131n Bodrum il\u00e7esinde otluk ve a\u011fa\u00e7l\u0131k alanda \u00e7\u0131kan yang\u0131n itfaiye ekiplerinin h\u0131zl\u0131 m\u00fcdahalesi ile b\u00fcy\u00fcmeden s\u00f6nd\u00fcr\u00fcld\u00fc. Yang\u0131n, G\u00fcndo\u011fan Mahallesi K\u0131z\u0131lburun mevkiinde meydana geldi. Edinilen bilgiye g\u00f6re, b\u00f6lgede hen\u00fcz bilinmeyen bir nedenle yang\u0131n \u00e7\u0131kt\u0131. Alevleri fark eden vatanda\u015flar durumu 112 Acil \u00c7a\u011fr\u0131 Merkezi\u2019ne bildirdi. \u0130hbar \u00fczerine b\u00f6lgeye itfaiye ekipleri sevk edildi. K\u0131sa s\u00fcrede olay yerine gelen&#8230;<\/p>\n","protected":false},"author":1,"featured_media":34365,"comment_status":"open","ping_status":"open","sticky":false,"template":"","format":"standard","meta":{"_crdt_document":"","footnotes":""},"categories":[5],"tags":[],"class_list":["post-34364","post","type-post","status-publish","format-standard","has-post-thumbnail","hentry","category-asayis"],"_links":{"self":[{"href":"https:\/\/www.egemtv.com\/index.php?rest_route=\/wp\/v2\/posts\/34364","targetHints":{"allow":["GET"]}}],"collection":[{"href":"https:\/\/www.egemtv.com\/index.php?rest_route=\/wp\/v2\/posts"}],"about":[{"href":"https:\/\/www.egemtv.com\/index.php?rest_route=\/wp\/v2\/types\/post"}],"author":[{"embeddable":true,"href":"https:\/\/www.egemtv.com\/index.php?rest_route=\/wp\/v2\/users\/1"}],"replies":[{"embeddable":true,"href":"https:\/\/www.egemtv.com\/index.php?rest_route=%2Fwp%2Fv2%2Fcomments&post=34364"}],"version-history":[{"count":1,"href":"https:\/\/www.egemtv.com\/index.php?rest_route=\/wp\/v2\/posts\/34364\/revisions"}],"predecessor-version":[{"id":34366,"href":"https:\/\/www.egemtv.com\/index.php?rest_route=\/wp\/v2\/posts\/34364\/revisions\/34366"}],"wp:featuredmedia":[{"embeddable":true,"href":"https:\/\/www.egemtv.com\/index.php?rest_route=\/wp\/v2\/media\/34365"}],"wp:attachment":[{"href":"https:\/\/www.egemtv.com\/index.php?rest_route=%2Fwp%2Fv2%2Fmedia&parent=34364"}],"wp:term":[{"taxonomy":"category","embeddable":true,"href":"https:\/\/www.egemtv.com\/index.php?rest_route=%2Fwp%2Fv2%2Fcategories&post=34364"},{"taxonomy":"post_tag","embeddable":true,"href":"https:\/\/www.egemtv.com\/index.php?rest_route=%2Fwp%2Fv2%2Ftags&post=34364"}],"curies":[{"name":"wp","href":"https:\/\/api.w.org\/{rel}","templated":true}]}}