{"id":34358,"date":"2025-06-11T16:56:16","date_gmt":"2025-06-11T13:56:16","guid":{"rendered":"https:\/\/www.egemtv.com\/?p=34358"},"modified":"2025-06-11T16:56:22","modified_gmt":"2025-06-11T13:56:22","slug":"hisarciklioglu-ve-atalaydan-ozgur-ozele-taziye-ziyareti","status":"publish","type":"post","link":"https:\/\/www.egemtv.com\/?p=34358","title":{"rendered":"Hisarc\u0131kl\u0131o\u011flu ve Atalay\u2019dan \u00d6zg\u00fcr \u00d6zel\u2019e taziye ziyareti"},"content":{"rendered":"<p>T\u00fcrkiye Odalar ve Borsalar Birli\u011fi (TOBB) Ba\u015fkan\u0131 M. Rifat Hisarc\u0131kl\u0131o\u011flu ile T\u00dcRK-\u0130\u015f Genel Ba\u015fkan\u0131 Erg\u00fcn Atalay, hayat\u0131n\u0131 kaybeden Manisa B\u00fcy\u00fck\u015fehir Belediye Ba\u015fkan\u0131 Ferdi Zeyrek i\u00e7in Cumhuriyet Halk Partisi (CHP) Genel Ba\u015fkan\u0131 \u00d6zg\u00fcr \u00d6zel\u2019e taziye ziyaretinde bulundu.<br \/>\n<br \/>CHP Genel Ba\u015fkan\u0131 \u00d6zg\u00fcr \u00d6zel, Ferdi Zeyrek\u2019in vefat\u0131n\u0131n ard\u0131ndan Manisa Fatih Sergi Salonu\u2019nda Zeyrek ailesi ile birlikte taziyeleri kabul etti. TOBB Ba\u015fkan\u0131 Hisarc\u0131kl\u0131o\u011flu, T\u00dcRK-\u0130\u015f Genel Ba\u015fkan\u0131 Atalay, Ege B\u00f6lgesi Sanayi Odas\u0131 (EBSO) Y\u00f6netim Kurulu Ba\u015fkan\u0131 Ender Yorganc\u0131lar, Manisa Ticaret ve Sanayi Odas\u0131 Ba\u015fkan\u0131 Mehmet Y\u0131lmaz, Manisa Ticaret Borsas\u0131 Ba\u015fkan\u0131 Sad\u0131k \u00d6zkasap ile birlikte \u00e7ok say\u0131da oda ve borsa ba\u015fkan\u0131 CHP Genel Ba\u015fkan\u0131 \u00d6zg\u00fcr \u00d6zel, merhum ba\u015fkan\u0131n e\u015fi Nurcan Zeyrek ve \u00d6zel\u2019in e\u015fi Didem \u00d6zel taraf\u0131ndan kar\u015f\u0131land\u0131. Programda Kur\u2019an-\u0131 Kerim tilaveti ger\u00e7ekle\u015ftirildi.<br \/>\n<br \/>TOBB Ba\u015fkan\u0131 Hisarc\u0131kl\u0131o\u011flu ve T\u00dcRK-\u0130\u015f Genel Ba\u015fkan\u0131 Atalay, Zeyrek ailesine ve CHP Genel Ba\u015fkan\u0131 \u00d6zel\u2019e ba\u015fsa\u011fl\u0131\u011f\u0131 dileklerini iletti. Ziyaretin ard\u0131ndan Hisarc\u0131kl\u0131o\u011flu, Manisa Valisi Vahdettin \u00d6zkan ile de k\u0131sa bir g\u00f6r\u00fc\u015fme ger\u00e7ekle\u015ftirdi.<br \/><\/p>\n","protected":false},"excerpt":{"rendered":"<p>T\u00fcrkiye Odalar ve Borsalar Birli\u011fi (TOBB) Ba\u015fkan\u0131 M. Rifat Hisarc\u0131kl\u0131o\u011flu ile T\u00dcRK-\u0130\u015f Genel Ba\u015fkan\u0131 Erg\u00fcn Atalay, hayat\u0131n\u0131 kaybeden Manisa B\u00fcy\u00fck\u015fehir Belediye Ba\u015fkan\u0131 Ferdi Zeyrek i\u00e7in Cumhuriyet Halk Partisi (CHP) Genel Ba\u015fkan\u0131 \u00d6zg\u00fcr \u00d6zel\u2019e taziye ziyaretinde bulundu. CHP Genel Ba\u015fkan\u0131 \u00d6zg\u00fcr \u00d6zel, Ferdi Zeyrek\u2019in vefat\u0131n\u0131n ard\u0131ndan Manisa Fatih Sergi Salonu\u2019nda Zeyrek ailesi ile birlikte taziyeleri kabul&#8230;<\/p>\n","protected":false},"author":1,"featured_media":34359,"comment_status":"open","ping_status":"open","sticky":false,"template":"","format":"standard","meta":{"_crdt_document":"","footnotes":""},"categories":[1],"tags":[],"class_list":["post-34358","post","type-post","status-publish","format-standard","has-post-thumbnail","hentry","category-guncel"],"_links":{"self":[{"href":"https:\/\/www.egemtv.com\/index.php?rest_route=\/wp\/v2\/posts\/34358","targetHints":{"allow":["GET"]}}],"collection":[{"href":"https:\/\/www.egemtv.com\/index.php?rest_route=\/wp\/v2\/posts"}],"about":[{"href":"https:\/\/www.egemtv.com\/index.php?rest_route=\/wp\/v2\/types\/post"}],"author":[{"embeddable":true,"href":"https:\/\/www.egemtv.com\/index.php?rest_route=\/wp\/v2\/users\/1"}],"replies":[{"embeddable":true,"href":"https:\/\/www.egemtv.com\/index.php?rest_route=%2Fwp%2Fv2%2Fcomments&post=34358"}],"version-history":[{"count":1,"href":"https:\/\/www.egemtv.com\/index.php?rest_route=\/wp\/v2\/posts\/34358\/revisions"}],"predecessor-version":[{"id":34360,"href":"https:\/\/www.egemtv.com\/index.php?rest_route=\/wp\/v2\/posts\/34358\/revisions\/34360"}],"wp:featuredmedia":[{"embeddable":true,"href":"https:\/\/www.egemtv.com\/index.php?rest_route=\/wp\/v2\/media\/34359"}],"wp:attachment":[{"href":"https:\/\/www.egemtv.com\/index.php?rest_route=%2Fwp%2Fv2%2Fmedia&parent=34358"}],"wp:term":[{"taxonomy":"category","embeddable":true,"href":"https:\/\/www.egemtv.com\/index.php?rest_route=%2Fwp%2Fv2%2Fcategories&post=34358"},{"taxonomy":"post_tag","embeddable":true,"href":"https:\/\/www.egemtv.com\/index.php?rest_route=%2Fwp%2Fv2%2Ftags&post=34358"}],"curies":[{"name":"wp","href":"https:\/\/api.w.org\/{rel}","templated":true}]}}