{"id":34355,"date":"2025-06-11T16:36:54","date_gmt":"2025-06-11T13:36:54","guid":{"rendered":"https:\/\/www.egemtv.com\/?p=34355"},"modified":"2025-06-11T16:36:59","modified_gmt":"2025-06-11T13:36:59","slug":"aydinda-sanatin-renkleri-yil-sonu-sergisinde-bulustu","status":"publish","type":"post","link":"https:\/\/www.egemtv.com\/?p=34355","title":{"rendered":"Ayd\u0131n\u2019da sanat\u0131n renkleri y\u0131l sonu sergisinde bulu\u015ftu"},"content":{"rendered":"<p>Ayd\u0131n B\u00fcy\u00fck\u015fehir Belediyesi\u2019nin sanat kurslar\u0131na kat\u0131lan kursiyerlerin yapt\u0131\u011f\u0131 150 eser, d\u00fczenlenen sergiyle g\u00f6r\u00fcc\u00fcye \u00e7\u0131kt\u0131.<\/p>\n<p>Ayd\u0131n B\u00fcy\u00fck\u015fehir Belediyesi\u2019nin k\u00fclt\u00fcr merkezlerinde d\u00fczenledi\u011fi sanat kurslar\u0131na kat\u0131lan kursiyerler, y\u0131l boyunca ortaya koyduklar\u0131 eserleri sergiyle ta\u00e7land\u0131rd\u0131. \u00c7ocuklardan yeti\u015fkinlere her ya\u015ftan sanatseverin yer ald\u0131\u011f\u0131 sergide, Ayd\u0131nl\u0131lar kursiyerlerin emek dolu \u00e7al\u0131\u015fmalar\u0131n\u0131 ilgiyle inceledi.<\/p>\n<p>150 eser g\u00f6r\u00fcc\u00fcye \u00e7\u0131kt\u0131<br \/>\n<br \/>Ayd\u0131n B\u00fcy\u00fck\u015fehir Belediyesi Vali Yaz\u0131c\u0131o\u011flu K\u00fclt\u00fcr Merkezi\u2019nde a\u00e7\u0131lan ve 150 eserin bulundu\u011fu sergide; ya\u011fl\u0131 boya, akrilik, sulu boya ve karakalem teknikleriyle haz\u0131rlanan bir\u00e7ok \u00e7al\u0131\u015fma sanatseverlerle bulu\u015ftu. Ayd\u0131n genelindeki k\u00fclt\u00fcr merkezlerinde resim e\u011fitimi alan kursiyerler, e\u011fitim s\u00fcresince hem teknik becerilerini geli\u015ftirme f\u0131rsat\u0131 yakalad\u0131 hem de hayal g\u00fc\u00e7lerini tuvallere yans\u0131tt\u0131.<\/p>\n<p>Motivasyon kayna\u011f\u0131 oluyor<br \/>\n<br \/>Sergiye kat\u0131lan kursiyerler, sanatla i\u00e7 i\u00e7e bir yolculuk yapma imk\u00e2n\u0131 sundu\u011fu i\u00e7in Ayd\u0131n B\u00fcy\u00fck\u015fehir Belediye Ba\u015fkan\u0131 \u00d6zlem \u00c7er\u00e7io\u011flu\u2019na te\u015fekk\u00fcr ederek, \u00fccretsiz sunulan bu kurslar\u0131n kendileri i\u00e7in b\u00fcy\u00fck bir motivasyon kayna\u011f\u0131 oldu\u011funu belirtti. K\u00fclt\u00fcr ve sanat dolu bu anlaml\u0131 sergi, 13 Haziran tarihine kadar Vali Yaz\u0131c\u0131o\u011flu K\u00fclt\u00fcr Merkezi\u2019nde ziyaret\u00e7ilerini a\u011f\u0131rlamaya devam edecek.<br \/><\/p>\n","protected":false},"excerpt":{"rendered":"<p>Ayd\u0131n B\u00fcy\u00fck\u015fehir Belediyesi\u2019nin sanat kurslar\u0131na kat\u0131lan kursiyerlerin yapt\u0131\u011f\u0131 150 eser, d\u00fczenlenen sergiyle g\u00f6r\u00fcc\u00fcye \u00e7\u0131kt\u0131. Ayd\u0131n B\u00fcy\u00fck\u015fehir Belediyesi\u2019nin k\u00fclt\u00fcr merkezlerinde d\u00fczenledi\u011fi sanat kurslar\u0131na kat\u0131lan kursiyerler, y\u0131l boyunca ortaya koyduklar\u0131 eserleri sergiyle ta\u00e7land\u0131rd\u0131. \u00c7ocuklardan yeti\u015fkinlere her ya\u015ftan sanatseverin yer ald\u0131\u011f\u0131 sergide, Ayd\u0131nl\u0131lar kursiyerlerin emek dolu \u00e7al\u0131\u015fmalar\u0131n\u0131 ilgiyle inceledi. 150 eser g\u00f6r\u00fcc\u00fcye \u00e7\u0131kt\u0131 Ayd\u0131n B\u00fcy\u00fck\u015fehir Belediyesi Vali Yaz\u0131c\u0131o\u011flu&#8230;<\/p>\n","protected":false},"author":1,"featured_media":34356,"comment_status":"open","ping_status":"open","sticky":false,"template":"","format":"standard","meta":{"_crdt_document":"","footnotes":""},"categories":[1],"tags":[],"class_list":["post-34355","post","type-post","status-publish","format-standard","has-post-thumbnail","hentry","category-guncel"],"_links":{"self":[{"href":"https:\/\/www.egemtv.com\/index.php?rest_route=\/wp\/v2\/posts\/34355","targetHints":{"allow":["GET"]}}],"collection":[{"href":"https:\/\/www.egemtv.com\/index.php?rest_route=\/wp\/v2\/posts"}],"about":[{"href":"https:\/\/www.egemtv.com\/index.php?rest_route=\/wp\/v2\/types\/post"}],"author":[{"embeddable":true,"href":"https:\/\/www.egemtv.com\/index.php?rest_route=\/wp\/v2\/users\/1"}],"replies":[{"embeddable":true,"href":"https:\/\/www.egemtv.com\/index.php?rest_route=%2Fwp%2Fv2%2Fcomments&post=34355"}],"version-history":[{"count":1,"href":"https:\/\/www.egemtv.com\/index.php?rest_route=\/wp\/v2\/posts\/34355\/revisions"}],"predecessor-version":[{"id":34357,"href":"https:\/\/www.egemtv.com\/index.php?rest_route=\/wp\/v2\/posts\/34355\/revisions\/34357"}],"wp:featuredmedia":[{"embeddable":true,"href":"https:\/\/www.egemtv.com\/index.php?rest_route=\/wp\/v2\/media\/34356"}],"wp:attachment":[{"href":"https:\/\/www.egemtv.com\/index.php?rest_route=%2Fwp%2Fv2%2Fmedia&parent=34355"}],"wp:term":[{"taxonomy":"category","embeddable":true,"href":"https:\/\/www.egemtv.com\/index.php?rest_route=%2Fwp%2Fv2%2Fcategories&post=34355"},{"taxonomy":"post_tag","embeddable":true,"href":"https:\/\/www.egemtv.com\/index.php?rest_route=%2Fwp%2Fv2%2Ftags&post=34355"}],"curies":[{"name":"wp","href":"https:\/\/api.w.org\/{rel}","templated":true}]}}