{"id":34349,"date":"2025-06-11T16:16:51","date_gmt":"2025-06-11T13:16:51","guid":{"rendered":"https:\/\/www.egemtv.com\/?p=34349"},"modified":"2025-06-11T16:16:57","modified_gmt":"2025-06-11T13:16:57","slug":"izmirde-teror-propagandacilarina-operasyon-5-gozalti","status":"publish","type":"post","link":"https:\/\/www.egemtv.com\/?p=34349","title":{"rendered":"\u0130zmir\u2019de ter\u00f6r propagandac\u0131lar\u0131na operasyon: 5 g\u00f6zalt\u0131"},"content":{"rendered":"<p>\u0130zmir\u2019de ter\u00f6r \u00f6rg\u00fctlerinin sosyal medya \u00fczerinden propagandas\u0131n\u0131 yapt\u0131\u011f\u0131 belirlenen \u015f\u00fcphelilere y\u00f6nelik jandarma ekiplerinde ger\u00e7ekle\u015fen operasyonda, 5 \u015f\u00fcpheli g\u00f6zalt\u0131na al\u0131nd\u0131.<\/p>\n<p>\u0130zmir Cumhuriyet Ba\u015fsavc\u0131l\u0131\u011f\u0131 koordinesinde, \u0130l Jandarma Komutanl\u0131\u011f\u0131 Ter\u00f6rle M\u00fccadele \u015eube M\u00fcd\u00fcrl\u00fc\u011f\u00fc ekiplerinin y\u00fcr\u00fctt\u00fc\u011f\u00fc \u00e7al\u0131\u015fma kapsam\u0131nda, sosyal medya hesaplar\u0131 \u00fczerinden DHKP\/C, THKP\/C, TKP\/ML ve DEV-YOL gibi yasad\u0131\u015f\u0131 \u00f6rg\u00fctlerin propagandas\u0131n\u0131 yapt\u0131\u011f\u0131 tespit edilen 6 \u015f\u00fcpheli hakk\u0131nda g\u00f6zalt\u0131 karar\u0131 verildi. Sabah saat 08.00\u2019de d\u00fczenlenen operasyonlarda 5 ki\u015fi yakalanarak g\u00f6zalt\u0131na al\u0131nd\u0131. Yap\u0131lan incelemelerde, firari durumdaki 1 \u015f\u00fcphelinin yurt d\u0131\u015f\u0131nda oldu\u011fu belirlendi. Firari hakk\u0131nda yakalama karar\u0131 \u00e7\u0131kar\u0131lmas\u0131 i\u00e7in ilgili makamlarla koordine kuruldu.<\/p>\n<p>Yakalanan 5 \u015f\u00fcphelinin jandarmadaki i\u015flemlerinin s\u00fcrd\u00fc\u011f\u00fc \u00f6\u011frenildi.<br \/><\/p>\n","protected":false},"excerpt":{"rendered":"<p>\u0130zmir\u2019de ter\u00f6r \u00f6rg\u00fctlerinin sosyal medya \u00fczerinden propagandas\u0131n\u0131 yapt\u0131\u011f\u0131 belirlenen \u015f\u00fcphelilere y\u00f6nelik jandarma ekiplerinde ger\u00e7ekle\u015fen operasyonda, 5 \u015f\u00fcpheli g\u00f6zalt\u0131na al\u0131nd\u0131. \u0130zmir Cumhuriyet Ba\u015fsavc\u0131l\u0131\u011f\u0131 koordinesinde, \u0130l Jandarma Komutanl\u0131\u011f\u0131 Ter\u00f6rle M\u00fccadele \u015eube M\u00fcd\u00fcrl\u00fc\u011f\u00fc ekiplerinin y\u00fcr\u00fctt\u00fc\u011f\u00fc \u00e7al\u0131\u015fma kapsam\u0131nda, sosyal medya hesaplar\u0131 \u00fczerinden DHKP\/C, THKP\/C, TKP\/ML ve DEV-YOL gibi yasad\u0131\u015f\u0131 \u00f6rg\u00fctlerin propagandas\u0131n\u0131 yapt\u0131\u011f\u0131 tespit edilen 6 \u015f\u00fcpheli hakk\u0131nda g\u00f6zalt\u0131 karar\u0131&#8230;<\/p>\n","protected":false},"author":1,"featured_media":34350,"comment_status":"open","ping_status":"open","sticky":false,"template":"","format":"standard","meta":{"_crdt_document":"","footnotes":""},"categories":[5],"tags":[],"class_list":["post-34349","post","type-post","status-publish","format-standard","has-post-thumbnail","hentry","category-asayis"],"_links":{"self":[{"href":"https:\/\/www.egemtv.com\/index.php?rest_route=\/wp\/v2\/posts\/34349","targetHints":{"allow":["GET"]}}],"collection":[{"href":"https:\/\/www.egemtv.com\/index.php?rest_route=\/wp\/v2\/posts"}],"about":[{"href":"https:\/\/www.egemtv.com\/index.php?rest_route=\/wp\/v2\/types\/post"}],"author":[{"embeddable":true,"href":"https:\/\/www.egemtv.com\/index.php?rest_route=\/wp\/v2\/users\/1"}],"replies":[{"embeddable":true,"href":"https:\/\/www.egemtv.com\/index.php?rest_route=%2Fwp%2Fv2%2Fcomments&post=34349"}],"version-history":[{"count":1,"href":"https:\/\/www.egemtv.com\/index.php?rest_route=\/wp\/v2\/posts\/34349\/revisions"}],"predecessor-version":[{"id":34351,"href":"https:\/\/www.egemtv.com\/index.php?rest_route=\/wp\/v2\/posts\/34349\/revisions\/34351"}],"wp:featuredmedia":[{"embeddable":true,"href":"https:\/\/www.egemtv.com\/index.php?rest_route=\/wp\/v2\/media\/34350"}],"wp:attachment":[{"href":"https:\/\/www.egemtv.com\/index.php?rest_route=%2Fwp%2Fv2%2Fmedia&parent=34349"}],"wp:term":[{"taxonomy":"category","embeddable":true,"href":"https:\/\/www.egemtv.com\/index.php?rest_route=%2Fwp%2Fv2%2Fcategories&post=34349"},{"taxonomy":"post_tag","embeddable":true,"href":"https:\/\/www.egemtv.com\/index.php?rest_route=%2Fwp%2Fv2%2Ftags&post=34349"}],"curies":[{"name":"wp","href":"https:\/\/api.w.org\/{rel}","templated":true}]}}