{"id":34343,"date":"2025-06-11T16:16:42","date_gmt":"2025-06-11T13:16:42","guid":{"rendered":"https:\/\/www.egemtv.com\/?p=34343"},"modified":"2025-06-11T16:16:46","modified_gmt":"2025-06-11T13:16:46","slug":"tur-otobusune-yonelik-saldiriya-tepki","status":"publish","type":"post","link":"https:\/\/www.egemtv.com\/?p=34343","title":{"rendered":"Tur otob\u00fcs\u00fcne y\u00f6nelik sald\u0131r\u0131ya tepki"},"content":{"rendered":"<p>Ayd\u0131n\u2019\u0131n Didim il\u00e7esinde turistleri ta\u015f\u0131yan tur otob\u00fcs\u00fcne y\u00f6nelik sald\u0131r\u0131ya tepki g\u00f6steren Didim Turizm Derne\u011fi Ba\u015fkan\u0131 Melih Koyuncu, &#8220;Bu sald\u0131rgan tutum, il\u00e7emiz ve turizm ad\u0131na son derece yanl\u0131\u015ft\u0131r&#8221; dedi.<br \/>\n<br \/>Akb\u00fck Mahallesi\u2019nde turistleri ta\u015f\u0131yan tur otob\u00fcs\u00fcne y\u00f6nelik sald\u0131r\u0131n\u0131n ard\u0131ndan olay\u0131n \u015f\u00fcphelileri jandarma ekipleri taraf\u0131ndan g\u00f6zalt\u0131na al\u0131nm\u0131\u015ft\u0131. Adliyeye sevk edilen 5 \u015f\u00fcphelinin i\u015flemleri devam ederken, Didim Turizm Derne\u011fi Ba\u015fkan\u0131 Melih Koyuncu sald\u0131r\u0131ya tepki g\u00f6sterdi. Koyuncu \u015funlar\u0131 kaydetti.<br \/>\n<br \/>&#8220;Akb\u00fck yolunda meydana gelen bu olay bizleri son derece \u00fczm\u00fc\u015ft\u00fcr. Bas\u0131ndan \u00f6\u011frendi\u011fimiz kadar\u0131yla tur otob\u00fcs\u00fcne y\u00f6nelik bu sald\u0131rgan tutum, il\u00e7emiz ve turizm ad\u0131na son derece yanl\u0131\u015ft\u0131r. Bu t\u00fcr bir olay\u0131n m\u00fcnferit bir olay oldu\u011funu d\u00fc\u015f\u00fcn\u00fcyorum. G\u00fczellikleriyle an\u0131lmas\u0131 gereken il\u00e7emizin bu \u015fekilde an\u0131lmas\u0131 ho\u015f olmad\u0131. \u0130nan\u0131yorum ki kolluk kuvvetlerimiz gereken hassasiyeti g\u00f6stermi\u015ftir.  Biz turizmin en iyi \u015fekilde an\u0131lmas\u0131 noktas\u0131nda Didim olarak devam edece\u011fiz. Didim, T\u00fcrkiye\u2019nin en g\u00fcvenilir il\u00e7esi olup, t\u00fcm misafirlerimizi g\u00f6n\u00fcl rahatl\u0131\u011f\u0131yla Didim\u2019e bekliyoruz&#8221; dedi.<br \/><\/p>\n","protected":false},"excerpt":{"rendered":"<p>Ayd\u0131n\u2019\u0131n Didim il\u00e7esinde turistleri ta\u015f\u0131yan tur otob\u00fcs\u00fcne y\u00f6nelik sald\u0131r\u0131ya tepki g\u00f6steren Didim Turizm Derne\u011fi Ba\u015fkan\u0131 Melih Koyuncu, &#8220;Bu sald\u0131rgan tutum, il\u00e7emiz ve turizm ad\u0131na son derece yanl\u0131\u015ft\u0131r&#8221; dedi. Akb\u00fck Mahallesi\u2019nde turistleri ta\u015f\u0131yan tur otob\u00fcs\u00fcne y\u00f6nelik sald\u0131r\u0131n\u0131n ard\u0131ndan olay\u0131n \u015f\u00fcphelileri jandarma ekipleri taraf\u0131ndan g\u00f6zalt\u0131na al\u0131nm\u0131\u015ft\u0131. Adliyeye sevk edilen 5 \u015f\u00fcphelinin i\u015flemleri devam ederken, Didim Turizm Derne\u011fi&#8230;<\/p>\n","protected":false},"author":1,"featured_media":34344,"comment_status":"open","ping_status":"open","sticky":false,"template":"","format":"standard","meta":{"_crdt_document":"","footnotes":""},"categories":[1],"tags":[],"class_list":["post-34343","post","type-post","status-publish","format-standard","has-post-thumbnail","hentry","category-guncel"],"_links":{"self":[{"href":"https:\/\/www.egemtv.com\/index.php?rest_route=\/wp\/v2\/posts\/34343","targetHints":{"allow":["GET"]}}],"collection":[{"href":"https:\/\/www.egemtv.com\/index.php?rest_route=\/wp\/v2\/posts"}],"about":[{"href":"https:\/\/www.egemtv.com\/index.php?rest_route=\/wp\/v2\/types\/post"}],"author":[{"embeddable":true,"href":"https:\/\/www.egemtv.com\/index.php?rest_route=\/wp\/v2\/users\/1"}],"replies":[{"embeddable":true,"href":"https:\/\/www.egemtv.com\/index.php?rest_route=%2Fwp%2Fv2%2Fcomments&post=34343"}],"version-history":[{"count":1,"href":"https:\/\/www.egemtv.com\/index.php?rest_route=\/wp\/v2\/posts\/34343\/revisions"}],"predecessor-version":[{"id":34345,"href":"https:\/\/www.egemtv.com\/index.php?rest_route=\/wp\/v2\/posts\/34343\/revisions\/34345"}],"wp:featuredmedia":[{"embeddable":true,"href":"https:\/\/www.egemtv.com\/index.php?rest_route=\/wp\/v2\/media\/34344"}],"wp:attachment":[{"href":"https:\/\/www.egemtv.com\/index.php?rest_route=%2Fwp%2Fv2%2Fmedia&parent=34343"}],"wp:term":[{"taxonomy":"category","embeddable":true,"href":"https:\/\/www.egemtv.com\/index.php?rest_route=%2Fwp%2Fv2%2Fcategories&post=34343"},{"taxonomy":"post_tag","embeddable":true,"href":"https:\/\/www.egemtv.com\/index.php?rest_route=%2Fwp%2Fv2%2Ftags&post=34343"}],"curies":[{"name":"wp","href":"https:\/\/api.w.org\/{rel}","templated":true}]}}