{"id":34340,"date":"2025-06-11T16:16:36","date_gmt":"2025-06-11T13:16:36","guid":{"rendered":"https:\/\/www.egemtv.com\/?p=34340"},"modified":"2025-06-11T16:16:42","modified_gmt":"2025-06-11T13:16:42","slug":"iki-katli-ev-alevlere-teslim-oldu","status":"publish","type":"post","link":"https:\/\/www.egemtv.com\/?p=34340","title":{"rendered":"\u0130ki katl\u0131 ev alevlere teslim oldu"},"content":{"rendered":"<p>Ayd\u0131n\u2019\u0131n \u0130ncirliova il\u00e7esinde bulunan iki katl\u0131 apartman\u0131n \u00fcst kat\u0131nda \u00e7\u0131kan yang\u0131nda, ev alevlere teslim olurken, evde bulunan bir \u00e7ocuk ise kurtar\u0131ld\u0131.<\/p>\n<p>Yang\u0131n, \u0130ncirliova il\u00e7esi Cumhuriyet Mahallesi 410 Sokak\u2019ta meydana geldi. Edinilen bilgiye g\u00f6re iki katl\u0131 apartman\u0131n \u00fcst kat\u0131nda ya\u015fayan G\u00fclay K.ya ait evde hen\u00fcz bilinmeyen bir nedenle yang\u0131n \u00e7\u0131kt\u0131. Alevleri fark eden vatanda\u015flar durumu 112 Acil \u00c7a\u011fr\u0131 Merkezi\u2019ne bildirdi. \u0130hbar \u00fczerine b\u00f6lgeye \u00e7ok say\u0131da itfaiye, polis ve sa\u011fl\u0131k ekibi sevk edildi. Yang\u0131n esnas\u0131nda evde bulunan bir \u00e7ocuk ise k\u0131sa s\u00fcrede kurtar\u0131ld\u0131. \u0130ncirliova \u0130l\u00e7e Emniyet M\u00fcd\u00fcrl\u00fc\u011f\u00fc ekipleri de yang\u0131n b\u00f6lgesinde g\u00fcvenlik \u00f6nlemi alarak vatanda\u015flar\u0131 b\u00f6lgeden uzakla\u015ft\u0131rd\u0131. Alevler, itfaiyenin h\u0131zl\u0131 m\u00fcdahalesiyle yandaki apartmanlara s\u0131\u00e7ramadan s\u00f6nd\u00fcr\u00fcld\u00fc. Kimsenin yaralanmad\u0131\u011f\u0131 yang\u0131nda ev k\u00fcle d\u00f6nerken, so\u011futma \u00e7al\u0131\u015fmas\u0131 yap\u0131ld\u0131.<\/p>\n<p>Yang\u0131n\u0131n kesin \u00e7\u0131k\u0131\u015f nedeninin belirlenmesi i\u00e7in inceleme ba\u015flat\u0131ld\u0131.<br \/><\/p>\n","protected":false},"excerpt":{"rendered":"<p>Ayd\u0131n\u2019\u0131n \u0130ncirliova il\u00e7esinde bulunan iki katl\u0131 apartman\u0131n \u00fcst kat\u0131nda \u00e7\u0131kan yang\u0131nda, ev alevlere teslim olurken, evde bulunan bir \u00e7ocuk ise kurtar\u0131ld\u0131. Yang\u0131n, \u0130ncirliova il\u00e7esi Cumhuriyet Mahallesi 410 Sokak\u2019ta meydana geldi. Edinilen bilgiye g\u00f6re iki katl\u0131 apartman\u0131n \u00fcst kat\u0131nda ya\u015fayan G\u00fclay K.ya ait evde hen\u00fcz bilinmeyen bir nedenle yang\u0131n \u00e7\u0131kt\u0131. Alevleri fark eden vatanda\u015flar durumu 112&#8230;<\/p>\n","protected":false},"author":1,"featured_media":34341,"comment_status":"open","ping_status":"open","sticky":false,"template":"","format":"standard","meta":{"_crdt_document":"","footnotes":""},"categories":[5],"tags":[],"class_list":["post-34340","post","type-post","status-publish","format-standard","has-post-thumbnail","hentry","category-asayis"],"_links":{"self":[{"href":"https:\/\/www.egemtv.com\/index.php?rest_route=\/wp\/v2\/posts\/34340","targetHints":{"allow":["GET"]}}],"collection":[{"href":"https:\/\/www.egemtv.com\/index.php?rest_route=\/wp\/v2\/posts"}],"about":[{"href":"https:\/\/www.egemtv.com\/index.php?rest_route=\/wp\/v2\/types\/post"}],"author":[{"embeddable":true,"href":"https:\/\/www.egemtv.com\/index.php?rest_route=\/wp\/v2\/users\/1"}],"replies":[{"embeddable":true,"href":"https:\/\/www.egemtv.com\/index.php?rest_route=%2Fwp%2Fv2%2Fcomments&post=34340"}],"version-history":[{"count":1,"href":"https:\/\/www.egemtv.com\/index.php?rest_route=\/wp\/v2\/posts\/34340\/revisions"}],"predecessor-version":[{"id":34342,"href":"https:\/\/www.egemtv.com\/index.php?rest_route=\/wp\/v2\/posts\/34340\/revisions\/34342"}],"wp:featuredmedia":[{"embeddable":true,"href":"https:\/\/www.egemtv.com\/index.php?rest_route=\/wp\/v2\/media\/34341"}],"wp:attachment":[{"href":"https:\/\/www.egemtv.com\/index.php?rest_route=%2Fwp%2Fv2%2Fmedia&parent=34340"}],"wp:term":[{"taxonomy":"category","embeddable":true,"href":"https:\/\/www.egemtv.com\/index.php?rest_route=%2Fwp%2Fv2%2Fcategories&post=34340"},{"taxonomy":"post_tag","embeddable":true,"href":"https:\/\/www.egemtv.com\/index.php?rest_route=%2Fwp%2Fv2%2Ftags&post=34340"}],"curies":[{"name":"wp","href":"https:\/\/api.w.org\/{rel}","templated":true}]}}