{"id":34337,"date":"2025-06-11T15:56:11","date_gmt":"2025-06-11T12:56:11","guid":{"rendered":"https:\/\/www.egemtv.com\/?p=34337"},"modified":"2025-06-11T15:56:16","modified_gmt":"2025-06-11T12:56:16","slug":"sehri-hasereler-basti-efeler-belediyesi-mucadele-baslatti","status":"publish","type":"post","link":"https:\/\/www.egemtv.com\/?p=34337","title":{"rendered":"\u015eehri ha\u015fereler bast\u0131, Efeler Belediyesi m\u00fccadele ba\u015flatt\u0131"},"content":{"rendered":"<p>Ayd\u0131n Efeler\u2019de hava s\u0131cakl\u0131\u011f\u0131n\u0131n mevsim normallerinin \u00fczerinde seyretmeye ba\u015flamas\u0131 ile \u015fehirde ya\u015fam kabusa d\u00f6nmeye ba\u015flad\u0131. Adeta ha\u015ferelerin bast\u0131\u011f\u0131 Efeler\u2019de 40 dereceye yakla\u015fan s\u0131cakta vatanda\u015f kap\u0131 ve pencere a\u00e7amaz hale gelince artan \u015fikayetler \u00fczerine belediye ekipleri m\u00fccadele \u00e7al\u0131\u015fmas\u0131 ba\u015flatt\u0131\u011f\u0131n\u0131 duyurdu.<\/p>\n<p>Ha\u015fere ile m\u00fccadelenin sinek ve b\u00f6cekler \u00e7o\u011fal\u0131p \u00e7evreyi sarmadan larva d\u00f6neminde yap\u0131lmas\u0131 gerekti\u011fini belirten vatanda\u015flar, Efeler Belediyesi\u2019nin m\u00fccadelede ge\u00e7 ve yetersiz kalmas\u0131ndan dert yand\u0131.<\/p>\n<p>Halk sa\u011fl\u0131\u011f\u0131n\u0131 tehdit eden kent zararl\u0131lar\u0131na kar\u015f\u0131 m\u00fccadele ettiklerini belirten Efeler Belediye Ba\u015fkanl\u0131\u011f\u0131 \u00f6zellikle \u00e7ocuklar\u0131n, ya\u015fl\u0131lar\u0131n ve kronik rahats\u0131zl\u0131\u011f\u0131 bulunan vatanda\u015flar\u0131n ya\u015fam kalitesini do\u011frudan etkileyen ha\u015fere kaynakl\u0131 hastal\u0131klar\u0131n \u00f6n\u00fcne ge\u00e7mek i\u00e7in ila\u00e7lama \u00e7al\u0131\u015fmas\u0131 yapt\u0131\u011f\u0131n\u0131 belirtti.<\/p>\n<p>Yap\u0131lan a\u00e7\u0131klamada Mesudiye Mahallesi \u00c7ankaya Caddesi\u2019nde ve Kemer Mahallesi\u2019nde yer alan r\u00f6gar kapaklar\u0131nda hamam b\u00f6ce\u011fi ila\u00e7lamas\u0131 yap\u0131ld\u0131\u011f\u0131 belirtildi. Efeler Belediyesi ila\u00e7laman\u0131n d\u00fczenli yap\u0131ld\u0131\u011f\u0131n\u0131 iddia ederken, vatanda\u015flar \u00e7al\u0131\u015fmalar\u0131 yetersiz bulduklar\u0131n\u0131 ifade ettiler.<br \/><\/p>\n","protected":false},"excerpt":{"rendered":"<p>Ayd\u0131n Efeler\u2019de hava s\u0131cakl\u0131\u011f\u0131n\u0131n mevsim normallerinin \u00fczerinde seyretmeye ba\u015flamas\u0131 ile \u015fehirde ya\u015fam kabusa d\u00f6nmeye ba\u015flad\u0131. Adeta ha\u015ferelerin bast\u0131\u011f\u0131 Efeler\u2019de 40 dereceye yakla\u015fan s\u0131cakta vatanda\u015f kap\u0131 ve pencere a\u00e7amaz hale gelince artan \u015fikayetler \u00fczerine belediye ekipleri m\u00fccadele \u00e7al\u0131\u015fmas\u0131 ba\u015flatt\u0131\u011f\u0131n\u0131 duyurdu. Ha\u015fere ile m\u00fccadelenin sinek ve b\u00f6cekler \u00e7o\u011fal\u0131p \u00e7evreyi sarmadan larva d\u00f6neminde yap\u0131lmas\u0131 gerekti\u011fini belirten vatanda\u015flar, Efeler&#8230;<\/p>\n","protected":false},"author":1,"featured_media":34338,"comment_status":"open","ping_status":"open","sticky":false,"template":"","format":"standard","meta":{"_crdt_document":"","footnotes":""},"categories":[2],"tags":[],"class_list":["post-34337","post","type-post","status-publish","format-standard","has-post-thumbnail","hentry","category-saglik"],"_links":{"self":[{"href":"https:\/\/www.egemtv.com\/index.php?rest_route=\/wp\/v2\/posts\/34337","targetHints":{"allow":["GET"]}}],"collection":[{"href":"https:\/\/www.egemtv.com\/index.php?rest_route=\/wp\/v2\/posts"}],"about":[{"href":"https:\/\/www.egemtv.com\/index.php?rest_route=\/wp\/v2\/types\/post"}],"author":[{"embeddable":true,"href":"https:\/\/www.egemtv.com\/index.php?rest_route=\/wp\/v2\/users\/1"}],"replies":[{"embeddable":true,"href":"https:\/\/www.egemtv.com\/index.php?rest_route=%2Fwp%2Fv2%2Fcomments&post=34337"}],"version-history":[{"count":1,"href":"https:\/\/www.egemtv.com\/index.php?rest_route=\/wp\/v2\/posts\/34337\/revisions"}],"predecessor-version":[{"id":34339,"href":"https:\/\/www.egemtv.com\/index.php?rest_route=\/wp\/v2\/posts\/34337\/revisions\/34339"}],"wp:featuredmedia":[{"embeddable":true,"href":"https:\/\/www.egemtv.com\/index.php?rest_route=\/wp\/v2\/media\/34338"}],"wp:attachment":[{"href":"https:\/\/www.egemtv.com\/index.php?rest_route=%2Fwp%2Fv2%2Fmedia&parent=34337"}],"wp:term":[{"taxonomy":"category","embeddable":true,"href":"https:\/\/www.egemtv.com\/index.php?rest_route=%2Fwp%2Fv2%2Fcategories&post=34337"},{"taxonomy":"post_tag","embeddable":true,"href":"https:\/\/www.egemtv.com\/index.php?rest_route=%2Fwp%2Fv2%2Ftags&post=34337"}],"curies":[{"name":"wp","href":"https:\/\/api.w.org\/{rel}","templated":true}]}}