{"id":34334,"date":"2025-06-11T15:56:06","date_gmt":"2025-06-11T12:56:06","guid":{"rendered":"https:\/\/www.egemtv.com\/?p=34334"},"modified":"2025-06-11T15:56:11","modified_gmt":"2025-06-11T12:56:11","slug":"bodrum-akyarlarda-deniz-dibi-temizligi","status":"publish","type":"post","link":"https:\/\/www.egemtv.com\/?p=34334","title":{"rendered":"Bodrum Akyarlar\u2019da deniz dibi temizli\u011fi"},"content":{"rendered":"<p>Bodrum Belediyesi taraf\u0131ndan &#8220;Denize En \u00c7ok Mavi Yak\u0131\u015f\u0131r&#8221; slogan\u0131yla on bir y\u0131ld\u0131r d\u00fczenlenen Deniz Dibi Temizli\u011finin be\u015finci etab\u0131 Akyarlar Mahallesi\u2019nde ger\u00e7ekle\u015fti.<\/p>\n<p>Bodrum\u2019un denizi ve e\u015fsiz koylar\u0131n\u0131 at\u0131klardan ar\u0131nd\u0131rmak, s\u00fcrd\u00fcr\u00fclebilir bir \u00e7evre olu\u015fturmak amac\u0131yla d\u00fczenlenen Deniz Dibi Temizli\u011fi etkinli\u011finin bu y\u0131lki be\u015finci aya\u011f\u0131 Akyarlar Mahallesi\u2019nde yap\u0131ld\u0131. Bodrum Belediyesi Destek Hizmetleri ve Temizlik \u0130\u015fleri M\u00fcd\u00fcrl\u00fc\u011f\u00fc organizasyonuyla g\u00f6n\u00fcll\u00fc dal\u0131\u015f ekibi taraf\u0131ndan 11 Haziran \u00c7ar\u015famba g\u00fcn\u00fc ger\u00e7ekle\u015ftirilen etkinli\u011fe; Bodrum Belediye Ba\u015fkan\u0131 Tamer Mandalinci\u2019yi temsilen Ba\u015fkan Yard\u0131mc\u0131s\u0131 Kanat Hasan \u00d6zsert, Belediye Meclis \u00dcyesi Tayyar G\u00fcndo\u011fan ve Necati Altun ile Akyarlar Mahalle Muhtar\u0131 \u0130smihan Uluta\u015f kat\u0131ld\u0131.<\/p>\n<p>Etkinlik boyunca cep telefonu, mini vantilat\u00f6r gibi deniz ekosistemine zarar veren pek \u00e7ok at\u0131k malzeme belediye \u00e7al\u0131\u015fanlar\u0131ndan olu\u015fan g\u00f6n\u00fcll\u00fc dal\u0131\u015f ekibi taraf\u0131ndan denizden \u00e7\u0131kar\u0131ld\u0131. Toplanan toplam 75 kilogram at\u0131k, \u00e7evre bilinci olu\u015fturmak ve toplumsal fark\u0131ndal\u0131k olu\u015fturmak amac\u0131yla Akyarlar sahilinde sergilendi. At\u0131klar, geri d\u00f6n\u00fc\u015f\u00fcm s\u00fcrecine kazand\u0131r\u0131lmak \u00fczere Konac\u0131k Mahallesi\u2019nde bulunan 1. S\u0131n\u0131f At\u0131k Getirme Merkezi\u2019ne nakledildi.<\/p>\n<p>Belediye ekipleri taraf\u0131ndan karada ve denizde y\u00fcr\u00fct\u00fclen temizlik \u00e7al\u0131\u015fmalar\u0131n\u0131n aral\u0131ks\u0131z s\u00fcrd\u00fc\u011f\u00fcn\u00fc belirten Ba\u015fkan Yard\u0131mc\u0131s\u0131 Kanat Hasan \u00d6zsert, \u015funlar\u0131 s\u00f6yledi:<br \/>\n<br \/>&#8220;Vatanda\u015flar\u0131m\u0131z\u0131n daha sa\u011fl\u0131kl\u0131 ve mutlu bir \u015fekilde denize girmesi bizim i\u00e7in \u00e7ok \u00f6nemli. Bodrum Belediyesi olarak 67 halk plaj\u0131m\u0131z var. Bu plajlarda vatanda\u015flar\u0131m\u0131z \u00fccretsiz olarak denize girebiliyor. Belediye Ba\u015fkan\u0131m\u0131z Say\u0131n Tamer Mandalinci de bu konuda \u00e7ok hassas. B\u00fct\u00fcn misafirlerimizin, Bodrumlu vatanda\u015flar\u0131m\u0131z\u0131n rahat\u00e7a denize girmesini istiyoruz&#8221;<\/p>\n<p>Deniz Dibi Temizli\u011fi, 18 Haziran \u00c7ar\u015famba g\u00fcn\u00fc Turgutreis Mahallesi\u2019nde devam edecek.<br \/><\/p>\n","protected":false},"excerpt":{"rendered":"<p>Bodrum Belediyesi taraf\u0131ndan &#8220;Denize En \u00c7ok Mavi Yak\u0131\u015f\u0131r&#8221; slogan\u0131yla on bir y\u0131ld\u0131r d\u00fczenlenen Deniz Dibi Temizli\u011finin be\u015finci etab\u0131 Akyarlar Mahallesi\u2019nde ger\u00e7ekle\u015fti. Bodrum\u2019un denizi ve e\u015fsiz koylar\u0131n\u0131 at\u0131klardan ar\u0131nd\u0131rmak, s\u00fcrd\u00fcr\u00fclebilir bir \u00e7evre olu\u015fturmak amac\u0131yla d\u00fczenlenen Deniz Dibi Temizli\u011fi etkinli\u011finin bu y\u0131lki be\u015finci aya\u011f\u0131 Akyarlar Mahallesi\u2019nde yap\u0131ld\u0131. Bodrum Belediyesi Destek Hizmetleri ve Temizlik \u0130\u015fleri M\u00fcd\u00fcrl\u00fc\u011f\u00fc organizasyonuyla g\u00f6n\u00fcll\u00fc&#8230;<\/p>\n","protected":false},"author":1,"featured_media":34335,"comment_status":"open","ping_status":"open","sticky":false,"template":"","format":"standard","meta":{"_crdt_document":"","footnotes":""},"categories":[1],"tags":[],"class_list":["post-34334","post","type-post","status-publish","format-standard","has-post-thumbnail","hentry","category-guncel"],"_links":{"self":[{"href":"https:\/\/www.egemtv.com\/index.php?rest_route=\/wp\/v2\/posts\/34334","targetHints":{"allow":["GET"]}}],"collection":[{"href":"https:\/\/www.egemtv.com\/index.php?rest_route=\/wp\/v2\/posts"}],"about":[{"href":"https:\/\/www.egemtv.com\/index.php?rest_route=\/wp\/v2\/types\/post"}],"author":[{"embeddable":true,"href":"https:\/\/www.egemtv.com\/index.php?rest_route=\/wp\/v2\/users\/1"}],"replies":[{"embeddable":true,"href":"https:\/\/www.egemtv.com\/index.php?rest_route=%2Fwp%2Fv2%2Fcomments&post=34334"}],"version-history":[{"count":1,"href":"https:\/\/www.egemtv.com\/index.php?rest_route=\/wp\/v2\/posts\/34334\/revisions"}],"predecessor-version":[{"id":34336,"href":"https:\/\/www.egemtv.com\/index.php?rest_route=\/wp\/v2\/posts\/34334\/revisions\/34336"}],"wp:featuredmedia":[{"embeddable":true,"href":"https:\/\/www.egemtv.com\/index.php?rest_route=\/wp\/v2\/media\/34335"}],"wp:attachment":[{"href":"https:\/\/www.egemtv.com\/index.php?rest_route=%2Fwp%2Fv2%2Fmedia&parent=34334"}],"wp:term":[{"taxonomy":"category","embeddable":true,"href":"https:\/\/www.egemtv.com\/index.php?rest_route=%2Fwp%2Fv2%2Fcategories&post=34334"},{"taxonomy":"post_tag","embeddable":true,"href":"https:\/\/www.egemtv.com\/index.php?rest_route=%2Fwp%2Fv2%2Ftags&post=34334"}],"curies":[{"name":"wp","href":"https:\/\/api.w.org\/{rel}","templated":true}]}}