{"id":34331,"date":"2025-06-11T15:56:02","date_gmt":"2025-06-11T12:56:02","guid":{"rendered":"https:\/\/www.egemtv.com\/?p=34331"},"modified":"2025-06-11T15:56:06","modified_gmt":"2025-06-11T12:56:06","slug":"kesilecek-sandigi-parmagi-yapilan-operasyonla-kurtarildi","status":"publish","type":"post","link":"https:\/\/www.egemtv.com\/?p=34331","title":{"rendered":"Kesilecek sand\u0131\u011f\u0131 parma\u011f\u0131 yap\u0131lan operasyonla kurtar\u0131ld\u0131"},"content":{"rendered":"<p>K\u00fctahya\u2019da, sol elinin d\u00f6rd\u00fcnc\u00fc ve be\u015finci parmaklar\u0131nda &#8220;tam kat kesi&#8221; olarak tabir edilen derin bir yaralanmayla K\u00fctahya \u015eehir Hastanesi Acil Servisi\u2019ne ba\u015fvuran 80 ya\u015f\u0131ndaki Faruk Selvi\u2019nin parmaklar\u0131, yap\u0131lan ba\u015far\u0131l\u0131 bir operasyonla kurtar\u0131ld\u0131.<br \/>\n<br \/>Hastaneye ba\u015fvuran hastan\u0131n yap\u0131lan ilk muayenesinde damar, sinir ve tendon yap\u0131lar\u0131nda ciddi hasar tespit edildi. Ortopedi ve Travmatoloji Klini\u011fi taraf\u0131ndan acilen de\u011ferlendirilen hasta, parmaklar\u0131n\u0131 kaybetme riskine kar\u015f\u0131 vakit kaybetmeden ameliyata al\u0131nd\u0131.<br \/>\n<br \/>Operasyonu ger\u00e7ekle\u015ftiren Ortopedi ve Travmatoloji Anabilim Dal\u0131\u2019ndan Dr. \u00d6\u011fr. \u00dcyesi S\u00fcleyman Kaan \u00d6ner, &#8220;Yapm\u0131\u015f oldu\u011fumuz cerrahi operasyon sonras\u0131 hastam\u0131z\u0131n \u015fu an parmak dola\u015f\u0131mlar\u0131 gayet iyi. Erken d\u00f6nemde herhangi bir komplikasyon ya\u015famad\u0131k. Hastam\u0131z\u0131n da art\u0131k taburculu\u011funu planl\u0131yoruz. \u0130lerleyen d\u00f6nemde yap\u0131lacak olan fizik tedaviyle birlikte fonksiyonlar\u0131n\u0131n tamam\u0131n\u0131 geri kazanmas\u0131n\u0131 bekliyoruz&#8221; ifadelerini kulland\u0131.<br \/><\/p>\n","protected":false},"excerpt":{"rendered":"<p>K\u00fctahya\u2019da, sol elinin d\u00f6rd\u00fcnc\u00fc ve be\u015finci parmaklar\u0131nda &#8220;tam kat kesi&#8221; olarak tabir edilen derin bir yaralanmayla K\u00fctahya \u015eehir Hastanesi Acil Servisi\u2019ne ba\u015fvuran 80 ya\u015f\u0131ndaki Faruk Selvi\u2019nin parmaklar\u0131, yap\u0131lan ba\u015far\u0131l\u0131 bir operasyonla kurtar\u0131ld\u0131. Hastaneye ba\u015fvuran hastan\u0131n yap\u0131lan ilk muayenesinde damar, sinir ve tendon yap\u0131lar\u0131nda ciddi hasar tespit edildi. Ortopedi ve Travmatoloji Klini\u011fi taraf\u0131ndan acilen de\u011ferlendirilen hasta,&#8230;<\/p>\n","protected":false},"author":1,"featured_media":34332,"comment_status":"open","ping_status":"open","sticky":false,"template":"","format":"standard","meta":{"_crdt_document":"","footnotes":""},"categories":[2],"tags":[],"class_list":["post-34331","post","type-post","status-publish","format-standard","has-post-thumbnail","hentry","category-saglik"],"_links":{"self":[{"href":"https:\/\/www.egemtv.com\/index.php?rest_route=\/wp\/v2\/posts\/34331","targetHints":{"allow":["GET"]}}],"collection":[{"href":"https:\/\/www.egemtv.com\/index.php?rest_route=\/wp\/v2\/posts"}],"about":[{"href":"https:\/\/www.egemtv.com\/index.php?rest_route=\/wp\/v2\/types\/post"}],"author":[{"embeddable":true,"href":"https:\/\/www.egemtv.com\/index.php?rest_route=\/wp\/v2\/users\/1"}],"replies":[{"embeddable":true,"href":"https:\/\/www.egemtv.com\/index.php?rest_route=%2Fwp%2Fv2%2Fcomments&post=34331"}],"version-history":[{"count":1,"href":"https:\/\/www.egemtv.com\/index.php?rest_route=\/wp\/v2\/posts\/34331\/revisions"}],"predecessor-version":[{"id":34333,"href":"https:\/\/www.egemtv.com\/index.php?rest_route=\/wp\/v2\/posts\/34331\/revisions\/34333"}],"wp:featuredmedia":[{"embeddable":true,"href":"https:\/\/www.egemtv.com\/index.php?rest_route=\/wp\/v2\/media\/34332"}],"wp:attachment":[{"href":"https:\/\/www.egemtv.com\/index.php?rest_route=%2Fwp%2Fv2%2Fmedia&parent=34331"}],"wp:term":[{"taxonomy":"category","embeddable":true,"href":"https:\/\/www.egemtv.com\/index.php?rest_route=%2Fwp%2Fv2%2Fcategories&post=34331"},{"taxonomy":"post_tag","embeddable":true,"href":"https:\/\/www.egemtv.com\/index.php?rest_route=%2Fwp%2Fv2%2Ftags&post=34331"}],"curies":[{"name":"wp","href":"https:\/\/api.w.org\/{rel}","templated":true}]}}