{"id":34328,"date":"2025-06-11T15:36:33","date_gmt":"2025-06-11T12:36:33","guid":{"rendered":"https:\/\/www.egemtv.com\/?p=34328"},"modified":"2025-06-11T15:36:38","modified_gmt":"2025-06-11T12:36:38","slug":"aydinda-hurdaciya-gurultu-kirliligi-cezasi","status":"publish","type":"post","link":"https:\/\/www.egemtv.com\/?p=34328","title":{"rendered":"Ayd\u0131n\u2019da hurdac\u0131ya \u2019g\u00fcr\u00fclt\u00fc kirlili\u011fi\u2019 cezas\u0131"},"content":{"rendered":"<p>Ayd\u0131n\u2019da geleneksel y\u00f6ntemle hurda toplayan bir \u015fahsa g\u00fcr\u00fclt\u00fc kirlili\u011fi olu\u015fturdu\u011fu gerek\u00e7esi ile idari para cezas\u0131 uyguland\u0131. Efeler Belediyesi taraf\u0131ndan ger\u00e7ekle\u015ftirilen bu uygulama ile 1406 TL idari para cezas\u0131 yiyen hurdac\u0131 \u015fa\u015f\u0131rd\u0131.<br \/>\n<br \/>Ayd\u0131n Efeler il\u00e7esinde geleneksel y\u00f6ntemlerle arac\u0131ndan ses sistemi ile hurda malzeme toplamaya \u00e7al\u0131\u015fan bir \u015fahsa, Efeler Belediyesi Zab\u0131ta M\u00fcd\u00fcrl\u00fc\u011f\u00fc ekipleri taraf\u0131ndan g\u00fcr\u00fclt\u00fc kirlili\u011fi olu\u015fturup vatanda\u015flar\u0131 rahats\u0131z etti\u011fi gerek\u00e7esi ile cezai i\u015flem uyguland\u0131.<br \/>\n<br \/>5326 say\u0131l\u0131 Kabahatler Kanunu\u2019nun 37. Maddesine ihlal etti\u011fi gerek\u00e7esi ile 1406 TL idari para cezas\u0131 uygulanan hurdac\u0131 ne yapaca\u011f\u0131n\u0131 \u015fa\u015f\u0131rd\u0131. Efeler Belediyesi Zab\u0131ta ekiplerinin bu uygulamas\u0131 baz\u0131 vatanda\u015flarca desteklenirken baz\u0131 vatanda\u015flar taraf\u0131ndan da ele\u015ftirildi. Evine ekmek g\u00f6t\u00fcrmek i\u00e7in hurda toplayan vatanda\u015fa uygulanan cezai m\u00fceyyidenin \u015fehir merkezinde kald\u0131r\u0131mlar\u0131 da i\u015fgal edenlere uygulanmas\u0131 istendi.<br \/>\n<br \/>Efeler Belediyesi taraf\u0131ndan yap\u0131lan a\u00e7\u0131klamada, hurdac\u0131ya vatanda\u015flar\u0131n huzurunu ve \u015fehir esteti\u011fini korumak ad\u0131na cezai i\u015flem uyguland\u0131\u011f\u0131 belirtildi. Efeler il\u00e7e merkezinde Cumhuriyet Caddesi Ba\u015fta olmak \u00fczere pek \u00e7ok cadde ve sokakta kald\u0131r\u0131m i\u015fgalinin had safhaya ula\u015ft\u0131\u011f\u0131n\u0131 belirten vatanda\u015flar, Efeler Belediyesi zab\u0131tas\u0131ndan bu konuda da duyarl\u0131l\u0131k beklediklerini s\u00f6ylediler.<br \/><\/p>\n","protected":false},"excerpt":{"rendered":"<p>Ayd\u0131n\u2019da geleneksel y\u00f6ntemle hurda toplayan bir \u015fahsa g\u00fcr\u00fclt\u00fc kirlili\u011fi olu\u015fturdu\u011fu gerek\u00e7esi ile idari para cezas\u0131 uyguland\u0131. Efeler Belediyesi taraf\u0131ndan ger\u00e7ekle\u015ftirilen bu uygulama ile 1406 TL idari para cezas\u0131 yiyen hurdac\u0131 \u015fa\u015f\u0131rd\u0131. Ayd\u0131n Efeler il\u00e7esinde geleneksel y\u00f6ntemlerle arac\u0131ndan ses sistemi ile hurda malzeme toplamaya \u00e7al\u0131\u015fan bir \u015fahsa, Efeler Belediyesi Zab\u0131ta M\u00fcd\u00fcrl\u00fc\u011f\u00fc ekipleri taraf\u0131ndan g\u00fcr\u00fclt\u00fc kirlili\u011fi olu\u015fturup&#8230;<\/p>\n","protected":false},"author":1,"featured_media":34329,"comment_status":"open","ping_status":"open","sticky":false,"template":"","format":"standard","meta":{"_crdt_document":"","footnotes":""},"categories":[5],"tags":[],"class_list":["post-34328","post","type-post","status-publish","format-standard","has-post-thumbnail","hentry","category-asayis"],"_links":{"self":[{"href":"https:\/\/www.egemtv.com\/index.php?rest_route=\/wp\/v2\/posts\/34328","targetHints":{"allow":["GET"]}}],"collection":[{"href":"https:\/\/www.egemtv.com\/index.php?rest_route=\/wp\/v2\/posts"}],"about":[{"href":"https:\/\/www.egemtv.com\/index.php?rest_route=\/wp\/v2\/types\/post"}],"author":[{"embeddable":true,"href":"https:\/\/www.egemtv.com\/index.php?rest_route=\/wp\/v2\/users\/1"}],"replies":[{"embeddable":true,"href":"https:\/\/www.egemtv.com\/index.php?rest_route=%2Fwp%2Fv2%2Fcomments&post=34328"}],"version-history":[{"count":1,"href":"https:\/\/www.egemtv.com\/index.php?rest_route=\/wp\/v2\/posts\/34328\/revisions"}],"predecessor-version":[{"id":34330,"href":"https:\/\/www.egemtv.com\/index.php?rest_route=\/wp\/v2\/posts\/34328\/revisions\/34330"}],"wp:featuredmedia":[{"embeddable":true,"href":"https:\/\/www.egemtv.com\/index.php?rest_route=\/wp\/v2\/media\/34329"}],"wp:attachment":[{"href":"https:\/\/www.egemtv.com\/index.php?rest_route=%2Fwp%2Fv2%2Fmedia&parent=34328"}],"wp:term":[{"taxonomy":"category","embeddable":true,"href":"https:\/\/www.egemtv.com\/index.php?rest_route=%2Fwp%2Fv2%2Fcategories&post=34328"},{"taxonomy":"post_tag","embeddable":true,"href":"https:\/\/www.egemtv.com\/index.php?rest_route=%2Fwp%2Fv2%2Ftags&post=34328"}],"curies":[{"name":"wp","href":"https:\/\/api.w.org\/{rel}","templated":true}]}}