{"id":34325,"date":"2025-06-11T15:01:26","date_gmt":"2025-06-11T12:01:26","guid":{"rendered":"https:\/\/www.egemtv.com\/?p=34325"},"modified":"2025-06-11T15:01:30","modified_gmt":"2025-06-11T12:01:30","slug":"turgutluda-yaz-spor-okulu-ve-kultur-kurslari-1-temmuzda-baslayacak","status":"publish","type":"post","link":"https:\/\/www.egemtv.com\/?p=34325","title":{"rendered":"Turgutlu\u2019da yaz spor okulu ve k\u00fclt\u00fcr kurslar\u0131 1 Temmuz\u2019da ba\u015flayacak"},"content":{"rendered":"<p>Turgutlu Belediyesi Yaz Spor Okullar\u0131 ve K\u00fclt\u00fcr Kurslar\u0131na kay\u0131tlar devam ediyor. Kurslar 1 Temmuz Sal\u0131 g\u00fcn\u00fc ba\u015flayacak.<br \/>\n<br \/>Turgutlu Belediyesi K\u00fclt\u00fcr ve Sosyal \u0130\u015fler M\u00fcd\u00fcrl\u00fc\u011f\u00fc b\u00fcnyesinde \u00e7ocuklar\u0131n sporla i\u00e7 i\u00e7e bir yaz ge\u00e7irmesi, ayn\u0131 zamanda her ya\u015ftan Turgutlulu\u2019nun k\u00fclt\u00fcrel faaliyetlere kat\u0131lmalar\u0131n\u0131 sa\u011flamak amac\u0131yla a\u00e7\u0131lan Yaz Spor Okullar\u0131 ve K\u00fclt\u00fcr Kurslar\u0131 1 Temmuz Sal\u0131 g\u00fcn\u00fc ba\u015fl\u0131yor. Yaz Spor Okullar\u0131 ve K\u00fclt\u00fcr Kurslar\u0131na kay\u0131tlar ise devam ediyor.<br \/>\n<br \/>Y\u00fczme, basketbol, voleybol ve kad\u0131nlara \u00f6zel pilates kurslar\u0131n\u0131n yer ald\u0131\u011f\u0131 Yaz Spor Okullar\u0131na Belediye Hizmet Binas\u0131 zemin kat\u0131nda; tiyatro, resim, m\u00fczik, el sanatlar\u0131ndan olu\u015fan K\u00fclt\u00fcr Kurslar\u0131na ise Atat\u00fcrk K\u00fclt\u00fcr Merkezinde 09.00-12.30\/13.30-17.00 saatleri aras\u0131nda kay\u0131tlar yap\u0131l\u0131yor. Yaz Spor Okullar\u0131 ve K\u00fclt\u00fcr Kurslar\u0131 hakk\u0131nda 0236 313 21 22 numaral\u0131 telefon \u00fczerinden detayl\u0131 bilgi al\u0131nabilir.<br \/>\n<br \/>Yaz Spor Okullar\u0131 ve K\u00fclt\u00fcr Kurslar\u0131n\u0131n \u00e7ocuklar ba\u015fta olmak \u00fczere her ya\u015fa hitap etti\u011fini belirten Turgutlu Belediye Ba\u015fkan Yard\u0131mc\u0131s\u0131 H\u00fcseyin Maliz, &#8220;\u00c7ocuklar\u0131m\u0131z\u0131n sporun farkl\u0131 bran\u015flar\u0131 ve k\u00fclt\u00fcr sanat faaliyetleriyle tan\u0131\u015farak dolu dolu bir yaz d\u00f6nemi ge\u00e7irmesi, bununla birlikte yeti\u015fkin hem\u015fehrilerimizin de g\u00fcnl\u00fck ya\u015fam\u0131n yo\u011funlu\u011fu ve stresinden birka\u00e7 saatli\u011fine de olsa uzakla\u015fabilmeleri ad\u0131na a\u00e7t\u0131\u011f\u0131m\u0131z Yaz Spor Okullar\u0131 ve K\u00fclt\u00fcr Kurslar\u0131m\u0131za kay\u0131tlar devam ediyor. Ba\u015fkan\u0131m\u0131z \u00c7etin Ak\u0131n\u2019\u0131n \u00f6nc\u00fcl\u00fc\u011f\u00fcnde, sosyal belediyecilik anlay\u0131\u015f\u0131m\u0131z gere\u011fi her ya\u015ftan hem\u015fehrimizin sporu, k\u00fclt\u00fcr ve sanat\u0131 hayat\u0131n\u0131n bir par\u00e7as\u0131 haline getirecek \u00e7al\u0131\u015fma ve projelerimizi ger\u00e7ekle\u015ftirmeye devam edece\u011fiz.&#8221; ifadelerini kulland\u0131.<br \/><\/p>\n","protected":false},"excerpt":{"rendered":"<p>Turgutlu Belediyesi Yaz Spor Okullar\u0131 ve K\u00fclt\u00fcr Kurslar\u0131na kay\u0131tlar devam ediyor. Kurslar 1 Temmuz Sal\u0131 g\u00fcn\u00fc ba\u015flayacak. Turgutlu Belediyesi K\u00fclt\u00fcr ve Sosyal \u0130\u015fler M\u00fcd\u00fcrl\u00fc\u011f\u00fc b\u00fcnyesinde \u00e7ocuklar\u0131n sporla i\u00e7 i\u00e7e bir yaz ge\u00e7irmesi, ayn\u0131 zamanda her ya\u015ftan Turgutlulu\u2019nun k\u00fclt\u00fcrel faaliyetlere kat\u0131lmalar\u0131n\u0131 sa\u011flamak amac\u0131yla a\u00e7\u0131lan Yaz Spor Okullar\u0131 ve K\u00fclt\u00fcr Kurslar\u0131 1 Temmuz Sal\u0131 g\u00fcn\u00fc ba\u015fl\u0131yor. Yaz&#8230;<\/p>\n","protected":false},"author":1,"featured_media":34326,"comment_status":"open","ping_status":"open","sticky":false,"template":"","format":"standard","meta":{"_crdt_document":"","footnotes":""},"categories":[1],"tags":[],"class_list":["post-34325","post","type-post","status-publish","format-standard","has-post-thumbnail","hentry","category-guncel"],"_links":{"self":[{"href":"https:\/\/www.egemtv.com\/index.php?rest_route=\/wp\/v2\/posts\/34325","targetHints":{"allow":["GET"]}}],"collection":[{"href":"https:\/\/www.egemtv.com\/index.php?rest_route=\/wp\/v2\/posts"}],"about":[{"href":"https:\/\/www.egemtv.com\/index.php?rest_route=\/wp\/v2\/types\/post"}],"author":[{"embeddable":true,"href":"https:\/\/www.egemtv.com\/index.php?rest_route=\/wp\/v2\/users\/1"}],"replies":[{"embeddable":true,"href":"https:\/\/www.egemtv.com\/index.php?rest_route=%2Fwp%2Fv2%2Fcomments&post=34325"}],"version-history":[{"count":1,"href":"https:\/\/www.egemtv.com\/index.php?rest_route=\/wp\/v2\/posts\/34325\/revisions"}],"predecessor-version":[{"id":34327,"href":"https:\/\/www.egemtv.com\/index.php?rest_route=\/wp\/v2\/posts\/34325\/revisions\/34327"}],"wp:featuredmedia":[{"embeddable":true,"href":"https:\/\/www.egemtv.com\/index.php?rest_route=\/wp\/v2\/media\/34326"}],"wp:attachment":[{"href":"https:\/\/www.egemtv.com\/index.php?rest_route=%2Fwp%2Fv2%2Fmedia&parent=34325"}],"wp:term":[{"taxonomy":"category","embeddable":true,"href":"https:\/\/www.egemtv.com\/index.php?rest_route=%2Fwp%2Fv2%2Fcategories&post=34325"},{"taxonomy":"post_tag","embeddable":true,"href":"https:\/\/www.egemtv.com\/index.php?rest_route=%2Fwp%2Fv2%2Ftags&post=34325"}],"curies":[{"name":"wp","href":"https:\/\/api.w.org\/{rel}","templated":true}]}}