{"id":34323,"date":"2025-06-11T14:40:58","date_gmt":"2025-06-11T11:40:58","guid":{"rendered":"https:\/\/www.egemtv.com\/?p=34323"},"modified":"2025-06-11T14:40:59","modified_gmt":"2025-06-11T11:40:59","slug":"ogrenciler-bahar-senliginde-doyasiya-eglendi","status":"publish","type":"post","link":"https:\/\/www.egemtv.com\/?p=34323","title":{"rendered":"\u00d6\u011frenciler bahar \u015fenli\u011finde doyas\u0131ya e\u011flendi"},"content":{"rendered":"<p>Afyonkarahisar\u2019da Sel\u00e7uklu \u0130lkokulu\u2019nda ger\u00e7ekle\u015ftirilen geleneksel bahar \u015fenli\u011fi co\u015fku i\u00e7erisinde ge\u00e7ti.<br \/>\n<br \/>\u015eenlik okul bah\u00e7esinde ger\u00e7ekle\u015ftirildi. \u0130lkokul 3.\u2019nc\u00fc s\u0131n\u0131f \u00f6\u011frencilerinin y\u0131l boyunca haz\u0131rlad\u0131\u011f\u0131 halk oyunlar\u0131 g\u00f6sterilerini sunulurken ayr\u0131ca sene boyunca d\u00fczenlenen sportif ve farkl\u0131 yar\u0131\u015fmalarda dereceye giren \u00f6\u011frencilere \u00f6d\u00fclleri verildi.<br \/>\n<br \/>Sel\u00e7uklu Okul M\u00fcd\u00fcr\u00fc Eralp Ekrem Ge\u00e7e, burada yapt\u0131\u011f\u0131 konu\u015fmada geleneksel bahar \u015fenli\u011fi heyecan\u0131na kat\u0131lan \u00f6\u011frenci, \u00f6\u011fretmenler ve velilere te\u015fekk\u00fcr etti.<br \/>\n<br \/>\u015eenlikte, okul bah\u00e7esinde stantlar kurulurken ger\u00e7ekle\u015ftirilen bir dizi etkinlikle \u00f6\u011frenciler keyifli anlar ge\u00e7irdi.<br \/><\/p>\n","protected":false},"excerpt":{"rendered":"<p>Afyonkarahisar\u2019da Sel\u00e7uklu \u0130lkokulu\u2019nda ger\u00e7ekle\u015ftirilen geleneksel bahar \u015fenli\u011fi co\u015fku i\u00e7erisinde ge\u00e7ti. \u015eenlik okul bah\u00e7esinde ger\u00e7ekle\u015ftirildi. \u0130lkokul 3.\u2019nc\u00fc s\u0131n\u0131f \u00f6\u011frencilerinin y\u0131l boyunca haz\u0131rlad\u0131\u011f\u0131 halk oyunlar\u0131 g\u00f6sterilerini sunulurken ayr\u0131ca sene boyunca d\u00fczenlenen sportif ve farkl\u0131 yar\u0131\u015fmalarda dereceye giren \u00f6\u011frencilere \u00f6d\u00fclleri verildi. Sel\u00e7uklu Okul M\u00fcd\u00fcr\u00fc Eralp Ekrem Ge\u00e7e, burada yapt\u0131\u011f\u0131 konu\u015fmada geleneksel bahar \u015fenli\u011fi heyecan\u0131na kat\u0131lan \u00f6\u011frenci, \u00f6\u011fretmenler ve&#8230;<\/p>\n","protected":false},"author":1,"featured_media":0,"comment_status":"open","ping_status":"open","sticky":false,"template":"","format":"standard","meta":{"_crdt_document":"","footnotes":""},"categories":[1],"tags":[],"class_list":["post-34323","post","type-post","status-publish","format-standard","hentry","category-guncel"],"_links":{"self":[{"href":"https:\/\/www.egemtv.com\/index.php?rest_route=\/wp\/v2\/posts\/34323","targetHints":{"allow":["GET"]}}],"collection":[{"href":"https:\/\/www.egemtv.com\/index.php?rest_route=\/wp\/v2\/posts"}],"about":[{"href":"https:\/\/www.egemtv.com\/index.php?rest_route=\/wp\/v2\/types\/post"}],"author":[{"embeddable":true,"href":"https:\/\/www.egemtv.com\/index.php?rest_route=\/wp\/v2\/users\/1"}],"replies":[{"embeddable":true,"href":"https:\/\/www.egemtv.com\/index.php?rest_route=%2Fwp%2Fv2%2Fcomments&post=34323"}],"version-history":[{"count":1,"href":"https:\/\/www.egemtv.com\/index.php?rest_route=\/wp\/v2\/posts\/34323\/revisions"}],"predecessor-version":[{"id":34324,"href":"https:\/\/www.egemtv.com\/index.php?rest_route=\/wp\/v2\/posts\/34323\/revisions\/34324"}],"wp:attachment":[{"href":"https:\/\/www.egemtv.com\/index.php?rest_route=%2Fwp%2Fv2%2Fmedia&parent=34323"}],"wp:term":[{"taxonomy":"category","embeddable":true,"href":"https:\/\/www.egemtv.com\/index.php?rest_route=%2Fwp%2Fv2%2Fcategories&post=34323"},{"taxonomy":"post_tag","embeddable":true,"href":"https:\/\/www.egemtv.com\/index.php?rest_route=%2Fwp%2Fv2%2Ftags&post=34323"}],"curies":[{"name":"wp","href":"https:\/\/api.w.org\/{rel}","templated":true}]}}