{"id":34321,"date":"2025-06-11T14:40:38","date_gmt":"2025-06-11T11:40:38","guid":{"rendered":"https:\/\/www.egemtv.com\/?p=34321"},"modified":"2025-06-11T14:40:58","modified_gmt":"2025-06-11T11:40:58","slug":"baskan-zeyrekin-avukatindan-yazili-aciklama","status":"publish","type":"post","link":"https:\/\/www.egemtv.com\/?p=34321","title":{"rendered":"Ba\u015fkan Zeyrek\u2019in avukat\u0131ndan yaz\u0131l\u0131 a\u00e7\u0131klama"},"content":{"rendered":"<p>Elektrik \u00e7arpmas\u0131 sonucu kald\u0131r\u0131ld\u0131\u011f\u0131 hastanede hayat\u0131n\u0131 kaybeden Manisa B\u00fcy\u00fck\u015fehir Belediye Ba\u015fkan\u0131 Ferdi Zeyrek\u2019in avukat\u0131 Necibe Karao\u011flanlar Hasg\u00f6r, Zeyrek\u2019in bir s\u00fcre \u00f6nce tehdit edildi\u011fine ili\u015fkin yapt\u0131\u011f\u0131 a\u00e7\u0131klamaya at\u0131fta bulunarak, &#8220;Kendisi bundan bir s\u00fcre \u00f6nce \u00e7e\u015fitli vesilelerle g\u00f6revi nedeniyle tehdit edildi\u011fini kamuoyu ile payla\u015fm\u0131\u015ft\u0131. Ancak vefat\u0131 sonucu neticelenen elim olaydaki ilk bulgular, elektrik ka\u00e7a\u011f\u0131n\u0131n tesisattaki malzeme ve montaj\u0131n fen ve teknik kurallar\u0131na uygunsuzlu\u011fundan kaynakland\u0131\u011f\u0131 izlenimini vermektedir&#8221; dedi.<br \/>\n<br \/>Kurban Bayram\u0131\u2019n\u0131n birinci g\u00fcn\u00fcn gecesinde evinde elektrik \u00e7arpmas\u0131 sonucu yaral\u0131 olarak kald\u0131r\u0131ld\u0131\u011f\u0131 Manisa Celal Bayar \u00dcniversitesi Hafsa Sultan Hastanesi\u2019nde 3 g\u00fcn s\u00fcren ya\u015fam m\u00fccadelesini kaybeden Manisa B\u00fcy\u00fck\u015fehir Belediye Ba\u015fkan\u0131 Ferdi Zeyrek\u2019in avukat\u0131 Necibe Karao\u011flanlar Hasg\u00f6r, olay\u0131n soru\u015fturma boyutuyla ilgili yaz\u0131l\u0131 bir a\u00e7\u0131klama yapt\u0131. Zeyrek\u2019in bir s\u00fcre \u00f6nce tehdit edildi\u011fine ili\u015fkin yapt\u0131\u011f\u0131 konu\u015fmaya da de\u011finen Karao\u011flanlar Hasg\u00f6r, a\u00e7\u0131klamas\u0131nda \u015fu ifadelere yer verdi: &#8220;Manisa B\u00fcy\u00fck\u015fehir Belediye Ba\u015fkan\u0131m\u0131z Say\u0131n Ferdi Zeyrek\u2018in ani \u00f6l\u00fcm\u00fc sebebiyle tarifsiz bir ac\u0131 i\u00e7erisindeyiz. Kendisi bundan bir s\u00fcre \u00f6nce \u00e7e\u015fitli vesilelerle g\u00f6revi nedeniyle tehdit edildi\u011fini kamuoyu ile payla\u015fm\u0131\u015ft\u0131. Ancak vefat\u0131 sonucu neticelenen elim olaydaki ilk bulgular,  elektrik ka\u00e7a\u011f\u0131n\u0131n tesisattaki malzeme ve montaj\u0131n fen ve teknik kurallar\u0131na uygunsuzlu\u011fundan kaynakland\u0131\u011f\u0131 izlenimini vermektedir. Bu durum ya\u015fanan elim olay\u0131n ki\u015fi veya ki\u015filerin ihmalinden kaynaklanan bir kaza olabilece\u011fi \u015f\u00fcphesini do\u011furmaktad\u0131r. Soru\u015fturma safahatinde bu durumun aksine olabilecek herhangi bir bulgunun ortaya \u00e7\u0131kmas\u0131 halinde yeni geli\u015fmeler taraf\u0131m\u0131zca kamuoyu ile payla\u015f\u0131lacakt\u0131r.&#8221;<br \/><\/p>\n","protected":false},"excerpt":{"rendered":"<p>Elektrik \u00e7arpmas\u0131 sonucu kald\u0131r\u0131ld\u0131\u011f\u0131 hastanede hayat\u0131n\u0131 kaybeden Manisa B\u00fcy\u00fck\u015fehir Belediye Ba\u015fkan\u0131 Ferdi Zeyrek\u2019in avukat\u0131 Necibe Karao\u011flanlar Hasg\u00f6r, Zeyrek\u2019in bir s\u00fcre \u00f6nce tehdit edildi\u011fine ili\u015fkin yapt\u0131\u011f\u0131 a\u00e7\u0131klamaya at\u0131fta bulunarak, &#8220;Kendisi bundan bir s\u00fcre \u00f6nce \u00e7e\u015fitli vesilelerle g\u00f6revi nedeniyle tehdit edildi\u011fini kamuoyu ile payla\u015fm\u0131\u015ft\u0131. Ancak vefat\u0131 sonucu neticelenen elim olaydaki ilk bulgular, elektrik ka\u00e7a\u011f\u0131n\u0131n tesisattaki malzeme ve&#8230;<\/p>\n","protected":false},"author":1,"featured_media":0,"comment_status":"open","ping_status":"open","sticky":false,"template":"","format":"standard","meta":{"_crdt_document":"","footnotes":""},"categories":[5],"tags":[],"class_list":["post-34321","post","type-post","status-publish","format-standard","hentry","category-asayis"],"_links":{"self":[{"href":"https:\/\/www.egemtv.com\/index.php?rest_route=\/wp\/v2\/posts\/34321","targetHints":{"allow":["GET"]}}],"collection":[{"href":"https:\/\/www.egemtv.com\/index.php?rest_route=\/wp\/v2\/posts"}],"about":[{"href":"https:\/\/www.egemtv.com\/index.php?rest_route=\/wp\/v2\/types\/post"}],"author":[{"embeddable":true,"href":"https:\/\/www.egemtv.com\/index.php?rest_route=\/wp\/v2\/users\/1"}],"replies":[{"embeddable":true,"href":"https:\/\/www.egemtv.com\/index.php?rest_route=%2Fwp%2Fv2%2Fcomments&post=34321"}],"version-history":[{"count":1,"href":"https:\/\/www.egemtv.com\/index.php?rest_route=\/wp\/v2\/posts\/34321\/revisions"}],"predecessor-version":[{"id":34322,"href":"https:\/\/www.egemtv.com\/index.php?rest_route=\/wp\/v2\/posts\/34321\/revisions\/34322"}],"wp:attachment":[{"href":"https:\/\/www.egemtv.com\/index.php?rest_route=%2Fwp%2Fv2%2Fmedia&parent=34321"}],"wp:term":[{"taxonomy":"category","embeddable":true,"href":"https:\/\/www.egemtv.com\/index.php?rest_route=%2Fwp%2Fv2%2Fcategories&post=34321"},{"taxonomy":"post_tag","embeddable":true,"href":"https:\/\/www.egemtv.com\/index.php?rest_route=%2Fwp%2Fv2%2Ftags&post=34321"}],"curies":[{"name":"wp","href":"https:\/\/api.w.org\/{rel}","templated":true}]}}